{"id":84199,"date":"2022-11-27T16:21:36","date_gmt":"2022-11-27T22:21:36","guid":{"rendered":"https:\/\/nvnoticias.mx\/?p=84199"},"modified":"2022-11-27T16:21:37","modified_gmt":"2022-11-27T22:21:37","slug":"marcha-de-este-domingo-un-alarde-de-poder","status":"publish","type":"post","link":"https:\/\/nvnoticias.mx\/index.php\/2022\/11\/27\/marcha-de-este-domingo-un-alarde-de-poder\/","title":{"rendered":"Marcha de este domingo, un alarde de poder&#8230;"},"content":{"rendered":"\n<p class=\"has-text-align-right\"><strong>Por Mois\u00e9s Hern\u00e1ndez Yoldi <\/strong><\/p>\n\n\n\n<p>La respuesta del gobierno a la marcha de la oposici\u00f3n en defensa del INE, es a trav\u00e9s de una manifestaci\u00f3n masiva donde muestra todo su poder.<\/p>\n\n\n\n<p>El r\u00e9gimen sabe que en el \u00fanico escenario y en el \u00fanico lugar donde no puede perder ni cerdee ni un \u00e1pice es en las calles y en las plazas, esas por esencia, las asumen como suyas.<\/p>\n\n\n\n<p>Es verdad, el pa\u00eds est\u00e1 dividido, roto, lo dividieron quienes hoy ostentan el poder y quienes buscan recuperar el poder. <\/p>\n\n\n\n<p>Ambos grupos son responsables de la divisi\u00f3n social. <\/p>\n\n\n\n<p>Tan torpe fue la reacci\u00f3n del r\u00e9gimen y sus aplaudidores de minimizar y descalificar la marcha de la oposici\u00f3n en defensa del INE, como torpe y absurdo es que ahora la oposici\u00f3n descalifique esta demostraci\u00f3n de poder del r\u00e9gimen, argumentando que quienes acuden son acarreados. <\/p>\n\n\n\n<p>El acarreo es una pr\u00e1ctica com\u00fan que forma parte de los usos y costumbres en la pol\u00edtica de M\u00e9xico. <\/p>\n\n\n\n<p>Todos los partidos pol\u00edticos lo hacen, todos; parte de la estructura de una organizaci\u00f3n pol\u00edtica est\u00e1 dise\u00f1ada y trabaja en tiempo y recursos (econ\u00f3micos y humanos) para administrar voluntades, controlar sectores y asegurar votos. <\/p>\n\n\n\n<p>Fue durante el r\u00e9gimen pri\u00edsta que el acarreo se convirti\u00f3 en una especialidad, un ejercicio pol\u00edtico para nutrir m\u00edtines, respaldar candidatos, mostrar m\u00fasculo y afianzarse en el poder.<\/p>\n\n\n\n<p>Una campa\u00f1a pol\u00edtica sin la pr\u00e1ctica del acarreo que respalde a los voluntarios, simpatizantes y espont\u00e1neos es imposible. <\/p>\n\n\n\n<p>Quienes se dedican a la pol\u00edtica de manera profesional, es decir, que viven de ella, conocen las t\u00e9cnicas y estrategias para controlar colonias, distritos, sectores, poblados, regiones enteras para movilizar gente que para ellos son votos. <\/p>\n\n\n\n<p>Ciertamente el acarreo es una pr\u00e1ctica criticable, sobre todo cuando este ocurre como una coacci\u00f3n, cuando se utilizan recursos p\u00fablicos o cuando se usa la estructura del Estado para realizar la moviiizacion. <\/p>\n\n\n\n<p>Una marcha o manifestaci\u00f3n pol\u00edtica donde se moviliza a cientos de miles de personas, no pierde legitimidad ni fuerza por utilizar el acarreo, todo lo contrario, muestra la capacidad pol\u00edtica para movilizar masas.<\/p>\n\n\n\n<p>Lo que estamos viendo en la marcha de este domingo en CDMX es la muestra del poder\u00edo del actual r\u00e9gimen. <\/p>\n\n\n\n<p>Quienes hoy gobiernan, saben y entienden que gobernar es movilizar, saben que su respaldo est\u00e1 en las calles y su fuerza est\u00e1 con \u201del pueblo\u201d.<\/p>\n","protected":false},"excerpt":{"rendered":"<p>Por Mois\u00e9s Hern\u00e1ndez Yoldi La respuesta del gobierno a la marcha de la oposici\u00f3n en defensa del INE, es a trav\u00e9s de una manifestaci\u00f3n masiva donde muestra todo su poder. El r\u00e9gimen sabe que en el \u00fanico escenario y en el \u00fanico lugar donde no puede perder ni cerdee ni un \u00e1pice es en las [&hellip;]<\/p>\n","protected":false},"author":11,"featured_media":84201,"comment_status":"open","ping_status":"open","sticky":false,"template":"","format":"standard","meta":{"_monsterinsights_skip_tracking":false,"_monsterinsights_sitenote_active":false,"_monsterinsights_sitenote_note":"","_monsterinsights_sitenote_category":0,"footnotes":""},"categories":[429],"tags":[430],"class_list":["post-84199","post","type-post","status-publish","format-standard","has-post-thumbnail","hentry","category-artillero","tag-moises-hernandez-yoldi","wp-image-borders"],"amp_enabled":true,"_links":{"self":[{"href":"https:\/\/nvnoticias.mx\/index.php\/wp-json\/wp\/v2\/posts\/84199","targetHints":{"allow":["GET"]}}],"collection":[{"href":"https:\/\/nvnoticias.mx\/index.php\/wp-json\/wp\/v2\/posts"}],"about":[{"href":"https:\/\/nvnoticias.mx\/index.php\/wp-json\/wp\/v2\/types\/post"}],"author":[{"embeddable":true,"href":"https:\/\/nvnoticias.mx\/index.php\/wp-json\/wp\/v2\/users\/11"}],"replies":[{"embeddable":true,"href":"https:\/\/nvnoticias.mx\/index.php\/wp-json\/wp\/v2\/comments?post=84199"}],"version-history":[{"count":1,"href":"https:\/\/nvnoticias.mx\/index.php\/wp-json\/wp\/v2\/posts\/84199\/revisions"}],"predecessor-version":[{"id":84202,"href":"https:\/\/nvnoticias.mx\/index.php\/wp-json\/wp\/v2\/posts\/84199\/revisions\/84202"}],"wp:featuredmedia":[{"embeddable":true,"href":"https:\/\/nvnoticias.mx\/index.php\/wp-json\/wp\/v2\/media\/84201"}],"wp:attachment":[{"href":"https:\/\/nvnoticias.mx\/index.php\/wp-json\/wp\/v2\/media?parent=84199"}],"wp:term":[{"taxonomy":"category","embeddable":true,"href":"https:\/\/nvnoticias.mx\/index.php\/wp-json\/wp\/v2\/categories?post=84199"},{"taxonomy":"post_tag","embeddable":true,"href":"https:\/\/nvnoticias.mx\/index.php\/wp-json\/wp\/v2\/tags?post=84199"}],"curies":[{"name":"wp","href":"https:\/\/api.w.org\/{rel}","templated":true}]}}