{"id":84149,"date":"2022-11-26T17:17:09","date_gmt":"2022-11-26T23:17:09","guid":{"rendered":"https:\/\/nvnoticias.mx\/?p=84149"},"modified":"2022-11-26T17:17:10","modified_gmt":"2022-11-26T23:17:10","slug":"recibira-hector-bonilla-homenaje-postumo-en-palacio-de-bellas-artes","status":"publish","type":"post","link":"https:\/\/nvnoticias.mx\/index.php\/2022\/11\/26\/recibira-hector-bonilla-homenaje-postumo-en-palacio-de-bellas-artes\/","title":{"rendered":"Recibir\u00e1 H\u00e9ctor Bonilla homenaje p\u00f3stumo en Palacio de Bellas Artes"},"content":{"rendered":"\n<p>H\u00e9ctor Bonilla, reconocido actor, muri\u00f3 este 25 de noviembre como consecuencia de c\u00e1ncer de ri\u00f1\u00f3n que padec\u00eda. <\/p>\n\n\n\n<p>Despu\u00e9s de que la Secretar\u00eda de Cultura diera a conocer la triste noticia, ahora Alejandra Frausto inform\u00f3 que dentro de unos d\u00edas se realizar\u00e1 un homenaje p\u00f3stumo al histri\u00f3n. Por medio de Twitter la secretaria de Cultura comparti\u00f3 que ser\u00e1 el pr\u00f3ximo lunes cuando se realice un homenaje a H\u00e9ctor Bonilla en Palacio de Bellas Artes, por lo que quienes lo deseen puedan asistir. <\/p>\n\n\n\n<blockquote class=\"wp-block-quote is-layout-flow wp-block-quote-is-layout-flow\"><p>\u201cEl pueblo de M\u00e9xico, a quien tanto quiso, podr\u00e1 rendir homenaje al gran H\u00e9ctor Bonilla en el Palacio de Bellas Artes el lunes 28 de noviembre a las 17h\u201d. <\/p><\/blockquote>\n\n\n\n<p>Hasta ahora no se han dado a conocer m\u00e1s detalles sobre el homenaje que se realizar\u00e1 al actor, quien destac\u00f3 en varias pel\u00edculas, entre ellas, Rojo Amanecer. <\/p>\n\n\n\n<p>Fuente: <a href=\"https:\/\/www.milenio.com\/espectaculos\/famosos\/rendiran-homenaje-postumo-hector-bonilla-bellas-artes\" data-type=\"URL\" data-id=\"https:\/\/www.milenio.com\/espectaculos\/famosos\/rendiran-homenaje-postumo-hector-bonilla-bellas-artes\">Milenio<\/a><\/p>\n","protected":false},"excerpt":{"rendered":"<p>H\u00e9ctor Bonilla, reconocido actor, muri\u00f3 este 25 de noviembre como consecuencia de c\u00e1ncer de ri\u00f1\u00f3n que padec\u00eda. Despu\u00e9s de que la Secretar\u00eda de Cultura diera a conocer la triste noticia, ahora Alejandra Frausto inform\u00f3 que dentro de unos d\u00edas se realizar\u00e1 un homenaje p\u00f3stumo al histri\u00f3n. Por medio de Twitter la secretaria de Cultura comparti\u00f3 [&hellip;]<\/p>\n","protected":false},"author":35,"featured_media":84052,"comment_status":"open","ping_status":"open","sticky":false,"template":"","format":"standard","meta":{"_monsterinsights_skip_tracking":false,"_monsterinsights_sitenote_active":false,"_monsterinsights_sitenote_note":"","_monsterinsights_sitenote_category":0,"footnotes":""},"categories":[576],"tags":[21367,3704,21369,21368],"class_list":["post-84149","post","type-post","status-publish","format-standard","has-post-thumbnail","hentry","category-ocio","tag-hector-bonilla-2","tag-homenaje","tag-palacio-de-bellas-artes","tag-postumo","wp-image-borders"],"amp_enabled":true,"_links":{"self":[{"href":"https:\/\/nvnoticias.mx\/index.php\/wp-json\/wp\/v2\/posts\/84149","targetHints":{"allow":["GET"]}}],"collection":[{"href":"https:\/\/nvnoticias.mx\/index.php\/wp-json\/wp\/v2\/posts"}],"about":[{"href":"https:\/\/nvnoticias.mx\/index.php\/wp-json\/wp\/v2\/types\/post"}],"author":[{"embeddable":true,"href":"https:\/\/nvnoticias.mx\/index.php\/wp-json\/wp\/v2\/users\/35"}],"replies":[{"embeddable":true,"href":"https:\/\/nvnoticias.mx\/index.php\/wp-json\/wp\/v2\/comments?post=84149"}],"version-history":[{"count":1,"href":"https:\/\/nvnoticias.mx\/index.php\/wp-json\/wp\/v2\/posts\/84149\/revisions"}],"predecessor-version":[{"id":84150,"href":"https:\/\/nvnoticias.mx\/index.php\/wp-json\/wp\/v2\/posts\/84149\/revisions\/84150"}],"wp:featuredmedia":[{"embeddable":true,"href":"https:\/\/nvnoticias.mx\/index.php\/wp-json\/wp\/v2\/media\/84052"}],"wp:attachment":[{"href":"https:\/\/nvnoticias.mx\/index.php\/wp-json\/wp\/v2\/media?parent=84149"}],"wp:term":[{"taxonomy":"category","embeddable":true,"href":"https:\/\/nvnoticias.mx\/index.php\/wp-json\/wp\/v2\/categories?post=84149"},{"taxonomy":"post_tag","embeddable":true,"href":"https:\/\/nvnoticias.mx\/index.php\/wp-json\/wp\/v2\/tags?post=84149"}],"curies":[{"name":"wp","href":"https:\/\/api.w.org\/{rel}","templated":true}]}}