{"id":84131,"date":"2022-11-26T15:57:31","date_gmt":"2022-11-26T21:57:31","guid":{"rendered":"https:\/\/nvnoticias.mx\/?p=84131"},"modified":"2022-11-26T15:57:33","modified_gmt":"2022-11-26T21:57:33","slug":"sin-definir-monreal-con-quien-ira-para-la-candidatura-de-las-elecciones-2024","status":"publish","type":"post","link":"https:\/\/nvnoticias.mx\/index.php\/2022\/11\/26\/sin-definir-monreal-con-quien-ira-para-la-candidatura-de-las-elecciones-2024\/","title":{"rendered":"Sin definir Monreal con quien ir\u00e1 para la candidatura de las elecciones 2024"},"content":{"rendered":"\n<p>El Senador de Morena, Ricardo Monreal \u00c1vila, afirm\u00f3 que sigue en un proceso de definici\u00f3n pol\u00edtica sobre sus aspiraciones presidenciales, pues a\u00fan no sabe si ir\u00e1 como candidato con Morena o con alg\u00fan partido de la oposici\u00f3n, pues consider\u00f3 que es necesario una reconciliaci\u00f3n pol\u00edtica en el pa\u00eds. <\/p>\n\n\n\n<p>En conferencia de prensa, desde Espa\u00f1a, estuvieron el presidente de la c\u00e1mara de diputados Santiago Creel; el senador, Ricardo Monreal; el diputado del PRD, Luis Espinoza Ch\u00e1zaro; as\u00ed como el diputado del PT, Benjam\u00edn Robles Montoya, donde los temas a destacar fueron los diferentes puntos de vista sobre las posibles aspiraciones pol\u00edticas de Monreal en cara a las elecciones del 2024. <\/p>\n\n\n\n<blockquote class=\"wp-block-quote is-layout-flow wp-block-quote-is-layout-flow\"><p>\u201cLa pol\u00edtica es un proceso, no precipitado o arrebatado, tengo 42 a\u00f1os de ser servidor p\u00fablico, pero los ritmos, los vamos a ir dise\u00f1ando poco a poco, no soy de piel sensible, pues no me bajan de traidor por el hecho de estar aqu\u00ed. Cuando mis compa\u00f1eros orquestan con descalificaciones, nunca estar\u00e9 de acuerdo con ellos o tales pensamientos\u201d, dijo. <\/p><\/blockquote>\n\n\n\n<blockquote class=\"wp-block-quote is-layout-flow wp-block-quote-is-layout-flow\"><p>\u201cHe tenido reuniones con diferentes dirigentes de la oposici\u00f3n como siempre, por ser presidente (de la Junta de Coordinaci\u00f3n Pol\u00edtica) tengo buena relaci\u00f3n con dichos representantes\u201d, reafirm\u00f3 que \u201cno me siento avergonzado en decir que he platicado con todos los partidos, no por ello soy un traidor y menos un mexicano que no est\u00e9 con el Presidente\u201d. <\/p><\/blockquote>\n\n\n\n<p>En este sentido, Santiago Creel, presidente de la C\u00e1mara de Diputados, asegur\u00f3 que se debe de pensar en un proceso de reconciliaci\u00f3n entre el pueblo de M\u00e9xico y la pol\u00edtica, pues de acuerdo con \u00e9l, el pa\u00eds est\u00e1 sumergido en una dualidad. <\/p>\n\n\n\n<blockquote class=\"wp-block-quote is-layout-flow wp-block-quote-is-layout-flow\"><p>\u201cHemos tenido un proceso muy complejo que requiere de una conversaci\u00f3n y reconciliaci\u00f3n para tener logros, es por eso por lo que yo como diputado de la oposici\u00f3n siempre he pedido el di\u00e1logo, que siempre ha sido fluido en la c\u00e1mara&#8221;. <\/p><\/blockquote>\n\n\n\n<blockquote class=\"wp-block-quote is-layout-flow wp-block-quote-is-layout-flow\"><p>\u201cPero en los temas que tienen que ver con el proceso pol\u00edtico no se han podido realizar dicho debate, por eso celebro que otras voces, como la de Monreal, se pronuncien a favor de esta reconciliaci\u00f3n\u201d, dijo.<\/p><\/blockquote>\n\n\n\n<p> A\u00f1adi\u00f3 que \u201cMonreal y yo hemos acordado una convocatoria de reconciliaci\u00f3n en M\u00e9xico, en donde habr\u00e1 mesas en todo el pa\u00eds y se llamar\u00e1n &#8216;Di\u00e1logo y reconciliaci\u00f3n&#8217;, donde se har\u00e1n invitaciones a todos los actores pol\u00edticos, a todas las voces de la ciudadan\u00eda, y esperemos que antes de que termine el a\u00f1o se hagan de manera regular\u201d. <\/p>\n\n\n\n<p>Fuente:<a href=\"https:\/\/www.milenio.com\/politica\/monreal-definir-ira-candidatura-elecciones-2024\" data-type=\"URL\" data-id=\"https:\/\/www.milenio.com\/politica\/monreal-definir-ira-candidatura-elecciones-2024\"> Milenio<\/a><\/p>\n","protected":false},"excerpt":{"rendered":"<p>El Senador de Morena, Ricardo Monreal \u00c1vila, afirm\u00f3 que sigue en un proceso de definici\u00f3n pol\u00edtica sobre sus aspiraciones presidenciales, pues a\u00fan no sabe si ir\u00e1 como candidato con Morena o con alg\u00fan partido de la oposici\u00f3n, pues consider\u00f3 que es necesario una reconciliaci\u00f3n pol\u00edtica en el pa\u00eds. En conferencia de prensa, desde Espa\u00f1a, estuvieron [&hellip;]<\/p>\n","protected":false},"author":35,"featured_media":69914,"comment_status":"open","ping_status":"open","sticky":false,"template":"","format":"standard","meta":{"_monsterinsights_skip_tracking":false,"_monsterinsights_sitenote_active":false,"_monsterinsights_sitenote_note":"","_monsterinsights_sitenote_category":0,"footnotes":""},"categories":[158],"tags":[1975,13299,600,21355],"class_list":["post-84131","post","type-post","status-publish","format-standard","has-post-thumbnail","hentry","category-politica","tag-candidatura","tag-elecciones-2024","tag-ricardo-monreal","tag-sin-definir","wp-image-borders"],"amp_enabled":true,"_links":{"self":[{"href":"https:\/\/nvnoticias.mx\/index.php\/wp-json\/wp\/v2\/posts\/84131","targetHints":{"allow":["GET"]}}],"collection":[{"href":"https:\/\/nvnoticias.mx\/index.php\/wp-json\/wp\/v2\/posts"}],"about":[{"href":"https:\/\/nvnoticias.mx\/index.php\/wp-json\/wp\/v2\/types\/post"}],"author":[{"embeddable":true,"href":"https:\/\/nvnoticias.mx\/index.php\/wp-json\/wp\/v2\/users\/35"}],"replies":[{"embeddable":true,"href":"https:\/\/nvnoticias.mx\/index.php\/wp-json\/wp\/v2\/comments?post=84131"}],"version-history":[{"count":1,"href":"https:\/\/nvnoticias.mx\/index.php\/wp-json\/wp\/v2\/posts\/84131\/revisions"}],"predecessor-version":[{"id":84132,"href":"https:\/\/nvnoticias.mx\/index.php\/wp-json\/wp\/v2\/posts\/84131\/revisions\/84132"}],"wp:featuredmedia":[{"embeddable":true,"href":"https:\/\/nvnoticias.mx\/index.php\/wp-json\/wp\/v2\/media\/69914"}],"wp:attachment":[{"href":"https:\/\/nvnoticias.mx\/index.php\/wp-json\/wp\/v2\/media?parent=84131"}],"wp:term":[{"taxonomy":"category","embeddable":true,"href":"https:\/\/nvnoticias.mx\/index.php\/wp-json\/wp\/v2\/categories?post=84131"},{"taxonomy":"post_tag","embeddable":true,"href":"https:\/\/nvnoticias.mx\/index.php\/wp-json\/wp\/v2\/tags?post=84131"}],"curies":[{"name":"wp","href":"https:\/\/api.w.org\/{rel}","templated":true}]}}