{"id":8413,"date":"2021-03-21T09:57:36","date_gmt":"2021-03-21T15:57:36","guid":{"rendered":"https:\/\/nvnoticias.mx\/?p=8413"},"modified":"2021-03-21T10:03:37","modified_gmt":"2021-03-21T16:03:37","slug":"elecciones-de-la-gran-logia-unida-mexicana","status":"publish","type":"post","link":"https:\/\/nvnoticias.mx\/index.php\/2021\/03\/21\/elecciones-de-la-gran-logia-unida-mexicana\/","title":{"rendered":"Se llevar\u00e1n a cabo las elecciones de la Gran Logia Unida Mexicana"},"content":{"rendered":"\n<p><strong>Jes\u00fas Utrilla \/ NV Noticias<\/strong><\/p>\n\n\n\n<p>Veracruz.- El s\u00e1bado 27 de marzo se llevar\u00e1n a cabo las elecciones de la Gran Logia Unida Mexicana.<\/p>\n\n\n\n<p>Jos\u00e9 Miguel Ben\u00edtez Cabrera, candidato, dijo que habr\u00e1 c<strong>uatro centros de votaci\u00f3n en horario de 9 de la ma\u00f1ana a 2 de la tarde.<\/strong><\/p>\n\n\n\n<p>Adem\u00e1s se acatar\u00e1n todas las medidas preventivas contra el coronavirus, pues tienen una cantidad importante de personas con m\u00e1s de 60 a\u00f1os.<\/p>\n\n\n\n<blockquote class=\"wp-block-quote is-layout-flow wp-block-quote-is-layout-flow\"><p>\u201cSomos una asociaci\u00f3n civil sin fines de lucro y como tal tenemos que estar reformando el cuadro logial y el \u00faltimo s\u00e1bado de marzo tendremos que llevar a cabo las elecciones cuidando la seguridad de los hermanos porque tenemos muchos arriba de los 60 a\u00f1os\u201d.<\/p><\/blockquote>\n\n\n\n<p>Afirm\u00f3 que los masones buscan y trabajan por el bien de la comunidad y por ello es importante la elecci\u00f3n que se avecina.<\/p>\n\n\n\n<p>Record\u00f3 que dentro de la organizaci\u00f3n hubo hombres destacados e incluso hay calles con dicha nomenclatura.<\/p>\n\n\n\n<p>Record\u00f3 que los masones, en 1872, crearon la Escuela Esperanza, la cual se mantuvo hasta 1934.<\/p>\n\n\n\n<blockquote class=\"wp-block-quote is-layout-flow wp-block-quote-is-layout-flow\"><p>\u201cEs una escuela filos\u00f3fica que tiene como base la moral, hemos tenido grandes hombres como Esteban Morales, espa\u00f1ol, que fund\u00f3 el Ilustre Instituto Veracruzano, Miguel Reyes Torres que fundaron el Colegio La Esperanza en 1872 que eran de ni\u00f1as que estaba donde ahora es el Museo Naval. Ah\u00ed los masones daban clases\u201d.<\/p><\/blockquote>\n\n\n\n<p>Insisti\u00f3 en que la Gran Logia Unida Mexicana tiene como base la moral y canalizan los conocimientos adquiridos hacia el bien com\u00fan y reconstrucci\u00f3n de la sociedad.<\/p>\n\n\n\n<p>Adem\u00e1s el uso de redes sociales y medios digitales en general, permitieron mayor inter\u00e9s de la sociedad por acercarse a la instituci\u00f3n.<\/p>\n\n\n\n<p>Sin embargo hay ciertos requisitos que deben cumplir para formar parte de la misma.<\/p>\n\n\n\n<p>En el Estado son m\u00e1s de 57 logias y los interesados pueden acercarse para constatar que cumplen con los requisitos de ingreso.<\/p>\n","protected":false},"excerpt":{"rendered":"<p>Jes\u00fas Utrilla \/ NV Noticias Veracruz.- El s\u00e1bado 27 de marzo se llevar\u00e1n a cabo las elecciones de la Gran Logia Unida Mexicana. Jos\u00e9 Miguel Ben\u00edtez Cabrera, candidato, dijo que habr\u00e1 cuatro centros de votaci\u00f3n en horario de 9 de la ma\u00f1ana a 2 de la tarde. Adem\u00e1s se acatar\u00e1n todas las medidas preventivas contra [&hellip;]<\/p>\n","protected":false},"author":6,"featured_media":8414,"comment_status":"open","ping_status":"open","sticky":false,"template":"","format":"standard","meta":{"_monsterinsights_skip_tracking":false,"_monsterinsights_sitenote_active":false,"_monsterinsights_sitenote_note":"","_monsterinsights_sitenote_category":0,"footnotes":""},"categories":[154],"tags":[2444,2443,180],"class_list":["post-8413","post","type-post","status-publish","format-standard","has-post-thumbnail","hentry","category-veracruz","tag-gran-logia-unida-mexicana","tag-masones","tag-veracruz","wp-image-borders"],"amp_enabled":true,"_links":{"self":[{"href":"https:\/\/nvnoticias.mx\/index.php\/wp-json\/wp\/v2\/posts\/8413","targetHints":{"allow":["GET"]}}],"collection":[{"href":"https:\/\/nvnoticias.mx\/index.php\/wp-json\/wp\/v2\/posts"}],"about":[{"href":"https:\/\/nvnoticias.mx\/index.php\/wp-json\/wp\/v2\/types\/post"}],"author":[{"embeddable":true,"href":"https:\/\/nvnoticias.mx\/index.php\/wp-json\/wp\/v2\/users\/6"}],"replies":[{"embeddable":true,"href":"https:\/\/nvnoticias.mx\/index.php\/wp-json\/wp\/v2\/comments?post=8413"}],"version-history":[{"count":1,"href":"https:\/\/nvnoticias.mx\/index.php\/wp-json\/wp\/v2\/posts\/8413\/revisions"}],"predecessor-version":[{"id":8415,"href":"https:\/\/nvnoticias.mx\/index.php\/wp-json\/wp\/v2\/posts\/8413\/revisions\/8415"}],"wp:featuredmedia":[{"embeddable":true,"href":"https:\/\/nvnoticias.mx\/index.php\/wp-json\/wp\/v2\/media\/8414"}],"wp:attachment":[{"href":"https:\/\/nvnoticias.mx\/index.php\/wp-json\/wp\/v2\/media?parent=8413"}],"wp:term":[{"taxonomy":"category","embeddable":true,"href":"https:\/\/nvnoticias.mx\/index.php\/wp-json\/wp\/v2\/categories?post=8413"},{"taxonomy":"post_tag","embeddable":true,"href":"https:\/\/nvnoticias.mx\/index.php\/wp-json\/wp\/v2\/tags?post=8413"}],"curies":[{"name":"wp","href":"https:\/\/api.w.org\/{rel}","templated":true}]}}