{"id":84084,"date":"2022-11-26T12:31:01","date_gmt":"2022-11-26T18:31:01","guid":{"rendered":"https:\/\/nvnoticias.mx\/?p=84084"},"modified":"2022-11-26T12:31:01","modified_gmt":"2022-11-26T18:31:01","slug":"niegan-brotes-de-gripe-aviar-en-veracruz","status":"publish","type":"post","link":"https:\/\/nvnoticias.mx\/index.php\/2022\/11\/26\/niegan-brotes-de-gripe-aviar-en-veracruz\/","title":{"rendered":"Niegan brotes de gripe aviar en Veracruz"},"content":{"rendered":"\n<p><strong>Sam Ojeda\u00a0 | NV Noticias<\/strong><\/p>\n\n\n\n<p>Xalapa.- El subsecretario de Ganader\u00eda y Pesca de la Secretar\u00eda de Desarrollo Agropecuario, Rural y Pesca (Sedarpa), Humberto Amador Zaragoza, neg\u00f3 que haya brotes de gripe aviar en la entidad veracruzana.\u00a0<\/p>\n\n\n\n<blockquote class=\"wp-block-quote is-layout-flow wp-block-quote-is-layout-flow\"><p>\u201cNo ha habido ning\u00fan brote, estamos trabajando para que esto no se disemine. Esta enfermedad puede llegar de cualquier lado pero hasta el d\u00eda de hoy no hemos tenido ning\u00fan problema\u201d.<\/p><\/blockquote>\n\n\n\n<p>Dijo que se pidi\u00f3 a los municipios evitar entregar aves como parte de sus apoyos sociales, al tratarse de \u201cfocos rojos\u201d en estos momentos.&nbsp;<\/p>\n\n\n\n<blockquote class=\"wp-block-quote is-layout-flow wp-block-quote-is-layout-flow\"><p>\u201cSe les pidi\u00f3 a los Ayuntamientos que no se dieran en apoyos sociales aves debido a que ten\u00edamos ese foco rojo. Los municipios estuvieron muy de acuerdo y nos estuvieron apoyando\u201d.<\/p><\/blockquote>\n\n\n\n<p>Y que en la entidad veracruzana se toman las medidas pertinentes, y se dio la instrucci\u00f3n a todos los municipios para que est\u00e9n alertas y evitar la propagaci\u00f3n.&nbsp;<\/p>\n\n\n\n<p>Hay que recordar que en Chihuahua se reportaron dos casos de infestaci\u00f3n de gripe aviar en el municipio de Nuevo Casas Grandes, en Chihuahua.<\/p>\n","protected":false},"excerpt":{"rendered":"<p>Sam Ojeda\u00a0 | NV Noticias Xalapa.- El subsecretario de Ganader\u00eda y Pesca de la Secretar\u00eda de Desarrollo Agropecuario, Rural y Pesca (Sedarpa), Humberto Amador Zaragoza, neg\u00f3 que haya brotes de gripe aviar en la entidad veracruzana.\u00a0 \u201cNo ha habido ning\u00fan brote, estamos trabajando para que esto no se disemine. Esta enfermedad puede llegar de cualquier [&hellip;]<\/p>\n","protected":false},"author":35,"featured_media":5251,"comment_status":"open","ping_status":"open","sticky":false,"template":"","format":"standard","meta":{"_monsterinsights_skip_tracking":false,"_monsterinsights_sitenote_active":false,"_monsterinsights_sitenote_note":"","_monsterinsights_sitenote_category":0,"footnotes":""},"categories":[156],"tags":[6872,1573,12922,162,180],"class_list":["post-84084","post","type-post","status-publish","format-standard","has-post-thumbnail","hentry","category-estado","tag-brotes","tag-gripe-aviar","tag-niegan","tag-portada","tag-veracruz","wp-image-borders"],"amp_enabled":true,"_links":{"self":[{"href":"https:\/\/nvnoticias.mx\/index.php\/wp-json\/wp\/v2\/posts\/84084","targetHints":{"allow":["GET"]}}],"collection":[{"href":"https:\/\/nvnoticias.mx\/index.php\/wp-json\/wp\/v2\/posts"}],"about":[{"href":"https:\/\/nvnoticias.mx\/index.php\/wp-json\/wp\/v2\/types\/post"}],"author":[{"embeddable":true,"href":"https:\/\/nvnoticias.mx\/index.php\/wp-json\/wp\/v2\/users\/35"}],"replies":[{"embeddable":true,"href":"https:\/\/nvnoticias.mx\/index.php\/wp-json\/wp\/v2\/comments?post=84084"}],"version-history":[{"count":1,"href":"https:\/\/nvnoticias.mx\/index.php\/wp-json\/wp\/v2\/posts\/84084\/revisions"}],"predecessor-version":[{"id":84085,"href":"https:\/\/nvnoticias.mx\/index.php\/wp-json\/wp\/v2\/posts\/84084\/revisions\/84085"}],"wp:featuredmedia":[{"embeddable":true,"href":"https:\/\/nvnoticias.mx\/index.php\/wp-json\/wp\/v2\/media\/5251"}],"wp:attachment":[{"href":"https:\/\/nvnoticias.mx\/index.php\/wp-json\/wp\/v2\/media?parent=84084"}],"wp:term":[{"taxonomy":"category","embeddable":true,"href":"https:\/\/nvnoticias.mx\/index.php\/wp-json\/wp\/v2\/categories?post=84084"},{"taxonomy":"post_tag","embeddable":true,"href":"https:\/\/nvnoticias.mx\/index.php\/wp-json\/wp\/v2\/tags?post=84084"}],"curies":[{"name":"wp","href":"https:\/\/api.w.org\/{rel}","templated":true}]}}