{"id":84081,"date":"2022-11-26T12:22:43","date_gmt":"2022-11-26T18:22:43","guid":{"rendered":"https:\/\/nvnoticias.mx\/?p=84081"},"modified":"2022-11-26T15:18:26","modified_gmt":"2022-11-26T21:18:26","slug":"en-2023-seguira-la-alta-inflacion-y-la-escasez-de-materia-prima","status":"publish","type":"post","link":"https:\/\/nvnoticias.mx\/index.php\/2022\/11\/26\/en-2023-seguira-la-alta-inflacion-y-la-escasez-de-materia-prima\/","title":{"rendered":"En 2023 seguir\u00e1 la alta inflaci\u00f3n y la escasez de materia prima"},"content":{"rendered":"\n<p><strong>Jes\u00fas Utrilla | NV Noticias<\/strong><\/p>\n\n\n\n<p>Se avecina un 2023 complicado en temas inflacionarios y escasez de productos, por ello es importante que la industria nacional sea m\u00e1s aut\u00f3noma, se\u00f1al\u00f3 Jos\u00e9 Antonio Campa P\u00e9rez, presidente local de la C\u00e1mara Nacional de la Industria de la Transformaci\u00f3n.<\/p>\n\n\n\n<p>Record\u00f3 que actualmente la mayor parte de la materia prima proviene de otros pa\u00edses y eso gener\u00f3 que a pesar que la industria mantuvo su actividad durante la parte complicada de la pandemia, hubiera menos producci\u00f3n.<\/p>\n\n\n\n<blockquote class=\"wp-block-quote is-layout-flow wp-block-quote-is-layout-flow\"><p>\u201cTodav\u00eda nos falta un 2023 que sea de ajustarse los cinturones, no vamos avanzando tan r\u00e1pido, es lento. La industria nunca cerr\u00f3 sus puertas, es una gran realidad, pero s\u00ed tuvimos menor producci\u00f3n. Muchos de los materiales vienen de otros pa\u00edses y aqu\u00ed viene a sembrar conciencia de que quienes tienen inversiones en Veracruz seamos m\u00e1s aut\u00f3nomos a la hora de fabricar los productos b\u00e1sicos para transformar, en el caso de la c\u00e1mara\u201d.<\/p><\/blockquote>\n\n\n\n<p>En el caso de Veracruz admiti\u00f3 que se avanza en la reactivaci\u00f3n econ\u00f3mica, porque se inaugur\u00f3 la planta Nestl\u00e9 y comienza a avanzarse con la construcci\u00f3n de la cervecera Constellation Brands.<\/p>\n\n\n\n<p>A su parecer se necesita diversificar las energ\u00edas no solo en la industria sino en el uso dom\u00e9stico, por ello vio con buenos ojos que se impulse el consumo de gas natural.<\/p>\n\n\n\n<p>\u201cEn Canacintra est\u00e1n nuestros socios de gas natural, que vienen con toda una red de gas para distribuirlo en el estado y yo creo que se est\u00e1n dando las condiciones. Veracruz tiene que demostrar empuje para hacer una gran diferencia y tener actividades competitivas como Guadalajara y Monterrey\u201d.<\/p>\n\n\n\n<p>Afirm\u00f3 que la Canacintra impulsa a las micros, peque\u00f1as y medianas empresas para que se certifiquen y crezcan.<\/p>\n\n\n\n<p>Tambi\u00e9n a que en Veracruz se sigan desarrollando las cadenas productivas, para generar riqueza, empleo y bienestar.<\/p>\n","protected":false},"excerpt":{"rendered":"<p>Jes\u00fas Utrilla | NV Noticias Se avecina un 2023 complicado en temas inflacionarios y escasez de productos, por ello es importante que la industria nacional sea m\u00e1s aut\u00f3noma, se\u00f1al\u00f3 Jos\u00e9 Antonio Campa P\u00e9rez, presidente local de la C\u00e1mara Nacional de la Industria de la Transformaci\u00f3n. Record\u00f3 que actualmente la mayor parte de la materia prima [&hellip;]<\/p>\n","protected":false},"author":35,"featured_media":31865,"comment_status":"open","ping_status":"open","sticky":false,"template":"","format":"standard","meta":{"_monsterinsights_skip_tracking":false,"_monsterinsights_sitenote_active":false,"_monsterinsights_sitenote_note":"","_monsterinsights_sitenote_category":0,"footnotes":""},"categories":[154],"tags":[4715,12704,9101],"class_list":["post-84081","post","type-post","status-publish","format-standard","has-post-thumbnail","hentry","category-veracruz","tag-escasez","tag-materia","tag-seguira","wp-image-borders"],"amp_enabled":true,"_links":{"self":[{"href":"https:\/\/nvnoticias.mx\/index.php\/wp-json\/wp\/v2\/posts\/84081","targetHints":{"allow":["GET"]}}],"collection":[{"href":"https:\/\/nvnoticias.mx\/index.php\/wp-json\/wp\/v2\/posts"}],"about":[{"href":"https:\/\/nvnoticias.mx\/index.php\/wp-json\/wp\/v2\/types\/post"}],"author":[{"embeddable":true,"href":"https:\/\/nvnoticias.mx\/index.php\/wp-json\/wp\/v2\/users\/35"}],"replies":[{"embeddable":true,"href":"https:\/\/nvnoticias.mx\/index.php\/wp-json\/wp\/v2\/comments?post=84081"}],"version-history":[{"count":2,"href":"https:\/\/nvnoticias.mx\/index.php\/wp-json\/wp\/v2\/posts\/84081\/revisions"}],"predecessor-version":[{"id":84083,"href":"https:\/\/nvnoticias.mx\/index.php\/wp-json\/wp\/v2\/posts\/84081\/revisions\/84083"}],"wp:featuredmedia":[{"embeddable":true,"href":"https:\/\/nvnoticias.mx\/index.php\/wp-json\/wp\/v2\/media\/31865"}],"wp:attachment":[{"href":"https:\/\/nvnoticias.mx\/index.php\/wp-json\/wp\/v2\/media?parent=84081"}],"wp:term":[{"taxonomy":"category","embeddable":true,"href":"https:\/\/nvnoticias.mx\/index.php\/wp-json\/wp\/v2\/categories?post=84081"},{"taxonomy":"post_tag","embeddable":true,"href":"https:\/\/nvnoticias.mx\/index.php\/wp-json\/wp\/v2\/tags?post=84081"}],"curies":[{"name":"wp","href":"https:\/\/api.w.org\/{rel}","templated":true}]}}