{"id":84063,"date":"2022-11-26T09:34:04","date_gmt":"2022-11-26T15:34:04","guid":{"rendered":"https:\/\/nvnoticias.mx\/?p=84063"},"modified":"2022-11-26T09:34:05","modified_gmt":"2022-11-26T15:34:05","slug":"nosotros-no-presionamos-ni-amenazamos-ni-compramos-voluntades-sheinbaum-sobre-marcha-de-amlo","status":"publish","type":"post","link":"https:\/\/nvnoticias.mx\/index.php\/2022\/11\/26\/nosotros-no-presionamos-ni-amenazamos-ni-compramos-voluntades-sheinbaum-sobre-marcha-de-amlo\/","title":{"rendered":"Nosotros no presionamos ni amenazamos ni compramos voluntades: Sheinbaum sobre marcha de AMLO"},"content":{"rendered":"\n<p>\u201cNosotros no presionamos ni amenazamos ni compramos voluntades\u201d, as\u00ed reaccion\u00f3\u00a0<strong>Claudia Sheinbaum<\/strong>\u00a0a una nota titulada \u201cAcus<strong>an presi\u00f3n para ir a marcha de AMLO<\/strong>\u201d.<\/p>\n\n\n\n<p>La Jefa de gobierno afirm\u00f3 en su cuenta de<strong>\u00a0Twitter\u00a0<\/strong>que se sancionar\u00e1 a quien lleve\u00a0<strong>\u201cacarreados\u201d<\/strong>\u00a0y adem\u00e1s asegur\u00f3 que \u201cser\u00e1n muchos miles los que con orgullo y alegr\u00eda celebrar\u00e1n 4 a\u00f1os de 4T\u201d, escribi\u00f3.\u00a0<\/p>\n\n\n\n<p>Esto luego de que\u00a0funcionarios del programa\u00a0<strong>Pilares<\/strong>\u00a0del gobierno de la Ciudad de M\u00e9xico tuvieron una junta urgente con talleristas y docentes, a quienes los exhortaron, de manera \u201cobligatoria\u201d, a acudir a la marcha por el<strong>\u00a0Cuarto Informe de\u00a0Gobierno\u00a0<\/strong>del Presidente Andr\u00e9s Manuel L\u00f3pez Obrador.\u00a0<\/p>\n\n\n\n<p>El acusado es\u00a0<strong>Javier Hidalgo<\/strong>,\u00a0director general del Instituto del Deporte (Indeporte), quien les dijo que deben acudir a la marcha con la misma \u201cconvicci\u00f3n\u201d\u00a0con la que se acercaron para colaborar en Pilares.<\/p>\n\n\n\n<p>Adem\u00e1s, se les puso como condici\u00f3n que lleven a 10 personas m\u00e1s, ya sean familiares o amigos, para cumplir con la\u00a0<strong>cuota<\/strong>.<\/p>\n\n\n\n<p>Fuente: <a href=\"https:\/\/www.eluniversal.com.mx\/metropoli\/nosotros-no-presionamos-ni-amenazamos-ni-compramos-voluntades-sheinbaum-sobre-marcha-de-amlo\" data-type=\"URL\" data-id=\"https:\/\/www.eluniversal.com.mx\/metropoli\/nosotros-no-presionamos-ni-amenazamos-ni-compramos-voluntades-sheinbaum-sobre-marcha-de-amlo\">El Universal<\/a><br>\u00a0<\/p>\n","protected":false},"excerpt":{"rendered":"<p>\u201cNosotros no presionamos ni amenazamos ni compramos voluntades\u201d, as\u00ed reaccion\u00f3\u00a0Claudia Sheinbaum\u00a0a una nota titulada \u201cAcusan presi\u00f3n para ir a marcha de AMLO\u201d. La Jefa de gobierno afirm\u00f3 en su cuenta de\u00a0Twitter\u00a0que se sancionar\u00e1 a quien lleve\u00a0\u201cacarreados\u201d\u00a0y adem\u00e1s asegur\u00f3 que \u201cser\u00e1n muchos miles los que con orgullo y alegr\u00eda celebrar\u00e1n 4 a\u00f1os de 4T\u201d, escribi\u00f3.\u00a0 Esto [&hellip;]<\/p>\n","protected":false},"author":35,"featured_media":58872,"comment_status":"open","ping_status":"open","sticky":false,"template":"","format":"standard","meta":{"_monsterinsights_skip_tracking":false,"_monsterinsights_sitenote_active":false,"_monsterinsights_sitenote_note":"","_monsterinsights_sitenote_category":0,"footnotes":""},"categories":[158],"tags":[188,2801,1507,162],"class_list":["post-84063","post","type-post","status-publish","format-standard","has-post-thumbnail","hentry","category-politica","tag-amlo","tag-claudia-sheinbaum","tag-marcha","tag-portada","wp-image-borders"],"amp_enabled":true,"_links":{"self":[{"href":"https:\/\/nvnoticias.mx\/index.php\/wp-json\/wp\/v2\/posts\/84063","targetHints":{"allow":["GET"]}}],"collection":[{"href":"https:\/\/nvnoticias.mx\/index.php\/wp-json\/wp\/v2\/posts"}],"about":[{"href":"https:\/\/nvnoticias.mx\/index.php\/wp-json\/wp\/v2\/types\/post"}],"author":[{"embeddable":true,"href":"https:\/\/nvnoticias.mx\/index.php\/wp-json\/wp\/v2\/users\/35"}],"replies":[{"embeddable":true,"href":"https:\/\/nvnoticias.mx\/index.php\/wp-json\/wp\/v2\/comments?post=84063"}],"version-history":[{"count":5,"href":"https:\/\/nvnoticias.mx\/index.php\/wp-json\/wp\/v2\/posts\/84063\/revisions"}],"predecessor-version":[{"id":84068,"href":"https:\/\/nvnoticias.mx\/index.php\/wp-json\/wp\/v2\/posts\/84063\/revisions\/84068"}],"wp:featuredmedia":[{"embeddable":true,"href":"https:\/\/nvnoticias.mx\/index.php\/wp-json\/wp\/v2\/media\/58872"}],"wp:attachment":[{"href":"https:\/\/nvnoticias.mx\/index.php\/wp-json\/wp\/v2\/media?parent=84063"}],"wp:term":[{"taxonomy":"category","embeddable":true,"href":"https:\/\/nvnoticias.mx\/index.php\/wp-json\/wp\/v2\/categories?post=84063"},{"taxonomy":"post_tag","embeddable":true,"href":"https:\/\/nvnoticias.mx\/index.php\/wp-json\/wp\/v2\/tags?post=84063"}],"curies":[{"name":"wp","href":"https:\/\/api.w.org\/{rel}","templated":true}]}}