{"id":84039,"date":"2022-11-25T16:23:48","date_gmt":"2022-11-25T22:23:48","guid":{"rendered":"https:\/\/nvnoticias.mx\/?p=84039"},"modified":"2022-11-25T16:23:49","modified_gmt":"2022-11-25T22:23:49","slug":"revela-claudia-sheinbaum-que-se-convertira-en-abuela","status":"publish","type":"post","link":"https:\/\/nvnoticias.mx\/index.php\/2022\/11\/25\/revela-claudia-sheinbaum-que-se-convertira-en-abuela\/","title":{"rendered":"Revela Claudia Sheinbaum que se convertir\u00e1 en abuela"},"content":{"rendered":"\n<p>Siguen las buenas noticias para la jefa de Gobierno, Claudia Sheinbaum y es que dem\u00e1s de anunciar su\u00a0boda con el f\u00edsico Jes\u00fas Mar\u00eda Tarriba\u00a0adelant\u00f3 en d\u00edas recientes que pr\u00f3ximamente se convertir\u00e1 en abuela.<\/p>\n\n\n\n<p>La noticia la dio a conocer durante la entrega de tarjetas a beneficiarias y beneficiarios de la Beca Bienestar para Ni\u00f1as y Ni\u00f1os en la alcald\u00eda \u00c1lvaro Obreg\u00f3n a finales de octubre.<\/p>\n\n\n\n<blockquote class=\"wp-block-quote is-layout-flow wp-block-quote-is-layout-flow\"><p>\u201cYo estoy convencida que la educaci\u00f3n es una de las mejores inversiones que podamos hacer, yo tengo hijos ya mayores, de hecho,\u00a0<strong>voy a ser abuela\u00a0<\/strong>pronto. Tengo dos hijos ya mayores, pero obviamente cuando estaban chicos, siempre el pendiente de las mam\u00e1s y los pap\u00e1s (&#8230;) si desde el principio les va bien, sabemos que m\u00e1s adelante va a ser los que ellos quieran so\u00f1ar\u201d, coment\u00f3.<\/p><\/blockquote>\n\n\n\n<p>La funcionaria no dio m\u00e1s detalles al respecto ni aclar\u00f3 cu\u00e1l de sus dos hijos es quien espera al nuevo descendiente de la familia.<\/p>\n\n\n\n<p>Sheinbaum tiene dos hijos: Rodrigo Imaz Calder\u00f3n, hijo de su exesposo Carlos \u00cdmaz Gispert, con quien estuvo casada por casi tres d\u00e9cadas, y\u00a0Mariana Imaz Sheinbaum, la \u00fanica hija de la pareja.<\/p>\n\n\n\n<p>La jefa de Gobierno anunci\u00f3 hace unos d\u00edas que se casar\u00e1 con su novio, el f\u00edsico\u00a0<strong>Jes\u00fas Mar\u00eda Tarriba.<\/strong><\/p>\n\n\n\n<p>En una conversaci\u00f3n con la conductora Martha Debayle, Sheinbaum habl\u00f3 sobre el inicio de su relaci\u00f3n con Tarriba y confes\u00f3 que\u00a0<strong>viven juntos y piensan casarse<\/strong>.<\/p>\n\n\n\n<p>Fuente: <a href=\"https:\/\/www.elfinanciero.com.mx\/cdmx\/2022\/11\/25\/una-boda-y-hasta-nieto-claudia-sheinbaum-revela-que-se-convertira-en-abuela\/\" data-type=\"URL\" data-id=\"https:\/\/www.elfinanciero.com.mx\/cdmx\/2022\/11\/25\/una-boda-y-hasta-nieto-claudia-sheinbaum-revela-que-se-convertira-en-abuela\/\">El Financiero<\/a><\/p>\n","protected":false},"excerpt":{"rendered":"<p>Siguen las buenas noticias para la jefa de Gobierno, Claudia Sheinbaum y es que dem\u00e1s de anunciar su\u00a0boda con el f\u00edsico Jes\u00fas Mar\u00eda Tarriba\u00a0adelant\u00f3 en d\u00edas recientes que pr\u00f3ximamente se convertir\u00e1 en abuela. La noticia la dio a conocer durante la entrega de tarjetas a beneficiarias y beneficiarios de la Beca Bienestar para Ni\u00f1as y [&hellip;]<\/p>\n","protected":false},"author":35,"featured_media":81655,"comment_status":"open","ping_status":"open","sticky":false,"template":"","format":"standard","meta":{"_monsterinsights_skip_tracking":false,"_monsterinsights_sitenote_active":false,"_monsterinsights_sitenote_note":"","_monsterinsights_sitenote_category":0,"footnotes":""},"categories":[157],"tags":[21327,2801,9389,8599],"class_list":["post-84039","post","type-post","status-publish","format-standard","has-post-thumbnail","hentry","category-nacional","tag-abuela","tag-claudia-sheinbaum","tag-convertira","tag-revela","wp-image-borders"],"amp_enabled":true,"_links":{"self":[{"href":"https:\/\/nvnoticias.mx\/index.php\/wp-json\/wp\/v2\/posts\/84039","targetHints":{"allow":["GET"]}}],"collection":[{"href":"https:\/\/nvnoticias.mx\/index.php\/wp-json\/wp\/v2\/posts"}],"about":[{"href":"https:\/\/nvnoticias.mx\/index.php\/wp-json\/wp\/v2\/types\/post"}],"author":[{"embeddable":true,"href":"https:\/\/nvnoticias.mx\/index.php\/wp-json\/wp\/v2\/users\/35"}],"replies":[{"embeddable":true,"href":"https:\/\/nvnoticias.mx\/index.php\/wp-json\/wp\/v2\/comments?post=84039"}],"version-history":[{"count":1,"href":"https:\/\/nvnoticias.mx\/index.php\/wp-json\/wp\/v2\/posts\/84039\/revisions"}],"predecessor-version":[{"id":84042,"href":"https:\/\/nvnoticias.mx\/index.php\/wp-json\/wp\/v2\/posts\/84039\/revisions\/84042"}],"wp:featuredmedia":[{"embeddable":true,"href":"https:\/\/nvnoticias.mx\/index.php\/wp-json\/wp\/v2\/media\/81655"}],"wp:attachment":[{"href":"https:\/\/nvnoticias.mx\/index.php\/wp-json\/wp\/v2\/media?parent=84039"}],"wp:term":[{"taxonomy":"category","embeddable":true,"href":"https:\/\/nvnoticias.mx\/index.php\/wp-json\/wp\/v2\/categories?post=84039"},{"taxonomy":"post_tag","embeddable":true,"href":"https:\/\/nvnoticias.mx\/index.php\/wp-json\/wp\/v2\/tags?post=84039"}],"curies":[{"name":"wp","href":"https:\/\/api.w.org\/{rel}","templated":true}]}}