{"id":84034,"date":"2022-11-25T16:13:12","date_gmt":"2022-11-25T22:13:12","guid":{"rendered":"https:\/\/nvnoticias.mx\/?p=84034"},"modified":"2022-11-25T16:13:13","modified_gmt":"2022-11-25T22:13:13","slug":"el-recuento-de-los-danos","status":"publish","type":"post","link":"https:\/\/nvnoticias.mx\/index.php\/2022\/11\/25\/el-recuento-de-los-danos\/","title":{"rendered":"El recuento de los da\u00f1os"},"content":{"rendered":"\n<p><strong>Ricardo Homs<\/strong><\/p>\n\n\n\n<p>El da\u00f1o m\u00e1s profundo que nos dejar\u00e1 esta \u201cCuarta Transformaci\u00f3n\u201d es invisible, pero determinante para el futuro del pa\u00eds.<\/p>\n\n\n\n<p>Su narrativa y acciones est\u00e1n cambiando la idiosincrasia de los mexicanos. Est\u00e1 acostumbrando a los sectores que antes se esforzaban por ser productivos, -pues el mexicano en esencia es esforzado y trabajador-, a recibir el dinero f\u00e1cil\u2026 a estar esperando el chequecito de la seguridad social, por citar s\u00f3lo un \u00e1mbito de impacto.<\/p>\n\n\n\n<p>Vivir de los programas sociales genera dependencia y esto se convierte en manipulaci\u00f3n del voto en \u00e9poca de elecciones, como las que se vislumbran a corto plazo.<\/p>\n\n\n\n<p>En el presupuesto federal que acaba de aprobar la C\u00e1mara de Diputados para 2023 se han sacrificado partidas que beneficiaban a sectores vulnerables como los ni\u00f1os, los cuales no votan y en contraste se van a fortalecer las ayudas a adultos, que se sentir\u00e1n comprometidos a dar su voto a MORENA para no perder las \u201cayudas sociales\u201d.<\/p>\n\n\n\n<p>Tambi\u00e9n vemos que la narrativa cotidiana de la 4T est\u00e1 contaminando la mente de los j\u00f3venes, a los cuales no estimula a ser productivos ni a esforzarse, sino que les envenena el esp\u00edritu con rencores, resentimientos y esto invariablemente lleva a lo que se le llama elegantemente \u201creivindicaci\u00f3n social\u201d, pero que en palabras llanas equivale a revancha.<\/p>\n\n\n\n<p>\u00bfQu\u00e9 ser\u00e1 de estas generaciones que ya est\u00e1n con el \u00e1nimo envenenado?<\/p>\n\n\n\n<p>Los m\u00e1s violentos seguramente van a dar a la delincuencia organizada, en busca del dinero f\u00e1cil. Los otros, simplemente se marginar\u00e1n del desarrollo y se conformar\u00e1n con sobrevivir con las ayudas sociales.<\/p>\n\n\n\n<p>La cultura del \u201cdinero f\u00e1cil\u201d es parte de este nuevo contexto surgido en los \u00faltimos a\u00f1os. Es la b\u00fasqueda del dinero de forma inmediata con el m\u00ednimo esfuerzo, lo cual sabemos que dif\u00edcilmente se logra si no se invierte esfuerzo y trabajo cotidiano.<\/p>\n\n\n\n<p>A final de cuentas, el dinero f\u00e1cil se obtiene, -o quit\u00e1ndoselo a quien lo tiene-, o tom\u00e1ndolo del erario p\u00fablico, lo cual es un delito. Tambi\u00e9n se logra practicando la corrupci\u00f3n.<\/p>\n\n\n\n<p>Si durante muchas d\u00e9cadas la corrupci\u00f3n significaba un diez por ciento del monto contratado, en los \u00faltimos a\u00f1os lleg\u00f3 a exigirse el 30% o incluso, el 40%, que es lo que hoy prevalece, aunque en la narrativa presidencial se d\u00e9 considere un vicio ya superado. Esto est\u00e1 encareciendo la econom\u00eda y haciendo inviables los negocios de obras p\u00fablicas y vulnerables a las finanzas p\u00fablicas.<\/p>\n\n\n\n<p>Tambi\u00e9n debemos considerar que esta fascinaci\u00f3n por el dinero f\u00e1cil en el com\u00fan de la gente cotidiana se canaliza a trav\u00e9s del uso irresponsable del cr\u00e9dito, promovido por las tarjetas bancarias, lo cual significa disfrutar hoy de comodidades comprometiendo los ingresos futuros. El endeudamiento puede terminar siendo una trampa que impide construir un patrimonio s\u00f3lido, como lo formaban antiguamente las familias mexicanas. Sin embargo, el abuso crediticio se soluciona con educaci\u00f3n para el consumidor y control para exigir a los bancos mayor responsabilidad en la entrega de tarjetas de cr\u00e9dito.<\/p>\n\n\n\n<p>En contraste, lo que pone en riesgo la seguridad nacional es envenenar la mente de las nuevas generaciones con las narrativas y mensajes pol\u00edticos que estimulan los rencores y resentimientos, generando una actitud de victimizaci\u00f3n que se neutraliza culpando a los otros sectores sociales, principalmente a esos que con base a esfuerzo y trabajo han construido un patrimonio familiar y hoy viven con comodidades.<\/p>\n\n\n\n<p>Esta narrativa pol\u00edtica que canaliza los resentimientos a trav\u00e9s de la \u201creivindicaci\u00f3n social\u201d y la lucha entre las clases sociales, -mezclada con la cultura del dinero f\u00e1cil-, es una bomba de tiempo para la seguridad nacional, pues estimula el robo, la extorsi\u00f3n, el despojo, -e incluso la delincuencia-, justificando moralmente la narrativa pol\u00edtica a todos estos delitos.<\/p>\n\n\n\n<p>Tiempos dif\u00edciles para mantener la paz, rescatar el respeto a la autoridad y disminuir la delincuencia organizada.<\/p>\n\n\n\n<p>Resarcir en el futuro da\u00f1os econ\u00f3micos y patrimoniales para el pa\u00eds, -provocados por la 4T- no ser\u00e1 imposible, pues ya lo hemos hecho en sexenios anteriores. Nos hemos levantado de crisis econ\u00f3micas como las que dejaron Echeverr\u00eda y L\u00f3pez Portillo; esto se logra con disciplina y esfuerzo.<\/p>\n\n\n\n<p>Sin embargo, resarcir el da\u00f1o a la mente y el esp\u00edritu de las nuevas generaciones, -contaminadas con valores destructivos, confrontaci\u00f3n y desuni\u00f3n-, representar\u00e1 grandes sacrificios a partir de que se den las condiciones para reconstruir este pa\u00eds.<\/p>\n\n\n\n<p>Mientras tanto, disfrazadas por tantos distractores pol\u00edticos con que nos maquillan la realidad cotidiana, seguiremos viendo como crecen la inseguridad, la violencia, desapariciones de gente joven, la delincuencia organizada y el n\u00famero de regiones del pa\u00eds controladas y gobernadas por c\u00e1rteles.<\/p>\n\n\n\n<p>Sin embargo, no hay mal que dure cien a\u00f1os dice la sabidur\u00eda popular \u2026 y seguramente ser\u00e1n muchos menos.<\/p>\n\n\n\n<p>Por tanto, en lugar de lamentarnos ya debemos preparar desde la sociedad organizada las estrategias para reconstruir este pa\u00eds<\/p>\n\n\n\n<p>\u00bfCOMO EN DINAMARCA?<\/p>\n\n\n\n<p>Desde el Sector Salud se sigue mencionando que vamos rumbo a un sistema de salud p\u00fablica como el de Dinamarca. El presidente llen\u00f3 de elogios a Zo\u00e9 Robledo, director del IMSS, por el ahorro presupuestal.<\/p>\n\n\n\n<p>Sin embargo, para tener un sistema de salud como el de Dinamarca primero necesitamos tener un gobierno como el de Dinamarca. Los gobernantes n\u00f3rdicos, -como son los de Dinamarca-, no se dedican a la grilla, -como los de M\u00e9xico-, sino a estimular la productividad para entonces generar recursos econ\u00f3micos para invertir en salud. Sus decisiones son racionales y no de capricho, o sea viscerales.<\/p>\n\n\n\n<p>No invierten tiempo en ma\u00f1aneras, sino en buscar la eficiencia de la administraci\u00f3n p\u00fablica.<\/p>\n\n\n\n<p>La realidad no cambia solo con buenos deseos, sino con acciones.<\/p>\n\n\n\n<p>NO ES IGUAL\u2026 PERO S\u00cd EXACTAMENTE LO MISMO<\/p>\n\n\n\n<p>La marcha convocada para el 27 de noviembre, -encabezada por el mism\u00edsimo presidente-, no es mas que lo mismo que vivimos en el pasado: el corporativismo del viejo y dinos\u00e1urico PRI del siglo XX.<\/p>\n\n\n\n<p>Tan evidente como que el SME, -Sindicato Mexicano de Electricistas-, ya se prepara para participar. Un sindicato que sobrevive a m\u00e1s de trece a\u00f1os de la desaparici\u00f3n de esta empresa, que fuera propiedad del Estado Mexicano: Luz y Fuerza del Centro.<\/p>\n\n\n\n<p>\u00bfPor qu\u00e9 participan? \u2026 Pues en apoyo al presidente L\u00f3pez Obrador que regal\u00f3 millonarias pensiones vitalicias a todos los trabajadores que son miembros activos de ese sindicato que ya no debiese existir al haber desaparecido su empleador en el a\u00f1o 2009.<\/p>\n\n\n\n<p>\u00bfEstaremos viendo en MORENA la reencarnaci\u00f3n del modelo del viejo PRI?<\/p>\n\n\n\n<p>Sin embargo, los cientos de miles de manifestantes que marcharon el domingo 13 de noviembre a favor del INE ten\u00edan muy claro cu\u00e1l era la raz\u00f3n por la que participaban en la marcha. En contraste\u2026 \u00bfQu\u00e9 porcentaje de los que participar\u00e1n en la marcha convocada por el presidente para el 27 del mismo mes tendr\u00e1n esa claridad de objetivos y no ir\u00e1n presionados, -o incluso amenazados-, con perder las ayudas sociales que reciben si no asisten?<\/p>\n\n\n\n<p>\u00bfQu\u00e9 porcentaje ir\u00e1 por una retribuci\u00f3n econ\u00f3mica prometida?<\/p>\n\n\n\n<p>Por tanto, el tema no es cuantitativo, sino cualitativo\u2026 \u00bfCu\u00e1ntos ir\u00e1n por convicci\u00f3n propia y no manipulados?<\/p>\n\n\n\n<p>La del d\u00eda 13 fue una marcha espont\u00e1neamente ciudadana. En contraste, la del 27 ser\u00e1 una \u201cmanifestaci\u00f3n de estado\u201d, convocada desde el poder y no en contra del poder, como suced\u00eda antes.<\/p>\n\n\n\n<p>Por otra parte, esta marcha convocada para el 27 nos sigue evidenciando que el presidente jam\u00e1s ha asumido el rol de hombre de estado, -o sea aquel que convoca a la unidad para construir un proyecto de naci\u00f3n-, sino que el cargo de presidente lo ha ejercido durante cuatro a\u00f1os desde el rol de activista social, pues esa es su esencia.<\/p>\n\n\n\n<p>Es evidente que la nostalgia por las manifestaciones callejeras le gana el \u00e1nimo al presidente y esta convocatoria lo est\u00e1 demostrando. El presidente quiere salir de la comodidad de vivir en Palacio, para recorrer las calles como lo hac\u00eda antes, arengando a quienes se atravesaban a su paso.<\/p>\n\n\n\n<p>Un presidente encabezando una marcha es populismo puro.<\/p>\n\n\n\n<p>En lugar de gobernar como se hace en todo el mundo, invierte su tiempo en actividades alejadas de la administraci\u00f3n p\u00fablica.<\/p>\n\n\n\n<p>\u00bfY los grandes problemas nacionales quien los atiende?<\/p>\n\n\n\n<p>Da por sentado que se han resuelto solos y eso lo veremos en el informe a la naci\u00f3n<\/p>\n\n\n\n<p>\u00bfY a usted qu\u00e9 le parece?<\/p>\n\n\n\n<p>Facebook: @Ricardo.Homs1<\/p>\n\n\n\n<p>Twitter: @homsricardo<\/p>\n\n\n\n<p>Linkedin: Ricardo Homs<\/p>\n\n\n\n<p>www.ricardohoms.com<\/p>\n","protected":false},"excerpt":{"rendered":"<p>Ricardo Homs El da\u00f1o m\u00e1s profundo que nos dejar\u00e1 esta \u201cCuarta Transformaci\u00f3n\u201d es invisible, pero determinante para el futuro del pa\u00eds. Su narrativa y acciones est\u00e1n cambiando la idiosincrasia de los mexicanos. Est\u00e1 acostumbrando a los sectores que antes se esforzaban por ser productivos, -pues el mexicano en esencia es esforzado y trabajador-, a recibir [&hellip;]<\/p>\n","protected":false},"author":18,"featured_media":84036,"comment_status":"open","ping_status":"open","sticky":false,"template":"","format":"standard","meta":{"_monsterinsights_skip_tracking":false,"_monsterinsights_sitenote_active":false,"_monsterinsights_sitenote_note":"","_monsterinsights_sitenote_category":0,"footnotes":""},"categories":[246],"tags":[173],"class_list":["post-84034","post","type-post","status-publish","format-standard","has-post-thumbnail","hentry","category-ricardo-homs","tag-ricardo-homs","wp-image-borders"],"amp_enabled":true,"_links":{"self":[{"href":"https:\/\/nvnoticias.mx\/index.php\/wp-json\/wp\/v2\/posts\/84034","targetHints":{"allow":["GET"]}}],"collection":[{"href":"https:\/\/nvnoticias.mx\/index.php\/wp-json\/wp\/v2\/posts"}],"about":[{"href":"https:\/\/nvnoticias.mx\/index.php\/wp-json\/wp\/v2\/types\/post"}],"author":[{"embeddable":true,"href":"https:\/\/nvnoticias.mx\/index.php\/wp-json\/wp\/v2\/users\/18"}],"replies":[{"embeddable":true,"href":"https:\/\/nvnoticias.mx\/index.php\/wp-json\/wp\/v2\/comments?post=84034"}],"version-history":[{"count":1,"href":"https:\/\/nvnoticias.mx\/index.php\/wp-json\/wp\/v2\/posts\/84034\/revisions"}],"predecessor-version":[{"id":84037,"href":"https:\/\/nvnoticias.mx\/index.php\/wp-json\/wp\/v2\/posts\/84034\/revisions\/84037"}],"wp:featuredmedia":[{"embeddable":true,"href":"https:\/\/nvnoticias.mx\/index.php\/wp-json\/wp\/v2\/media\/84036"}],"wp:attachment":[{"href":"https:\/\/nvnoticias.mx\/index.php\/wp-json\/wp\/v2\/media?parent=84034"}],"wp:term":[{"taxonomy":"category","embeddable":true,"href":"https:\/\/nvnoticias.mx\/index.php\/wp-json\/wp\/v2\/categories?post=84034"},{"taxonomy":"post_tag","embeddable":true,"href":"https:\/\/nvnoticias.mx\/index.php\/wp-json\/wp\/v2\/tags?post=84034"}],"curies":[{"name":"wp","href":"https:\/\/api.w.org\/{rel}","templated":true}]}}