{"id":84031,"date":"2022-11-25T16:07:28","date_gmt":"2022-11-25T22:07:28","guid":{"rendered":"https:\/\/nvnoticias.mx\/?p=84031"},"modified":"2022-11-25T16:07:29","modified_gmt":"2022-11-25T22:07:29","slug":"conmebol-se-deslinda-del-posible-regreso-de-equipos-mexicanos-a-copa-libertadores","status":"publish","type":"post","link":"https:\/\/nvnoticias.mx\/index.php\/2022\/11\/25\/conmebol-se-deslinda-del-posible-regreso-de-equipos-mexicanos-a-copa-libertadores\/","title":{"rendered":"Conmebol se deslinda del posible regreso de equipos mexicanos a Copa Libertadores"},"content":{"rendered":"\n<p>La\u00a0Conmebol\u00a0se lava las manos con el posible regreso de los equipos mexicanos a los torneos sudamericanos.<\/p>\n\n\n\n<p>Alejandro Dom\u00ednguez, presidente de la Conmebol, dijo que hay que preguntarle a los dirigentes de la\u00a0Federaci\u00f3n Mexicana de Futbol\u00a0por esa oportunidad.<\/p>\n\n\n\n<p>Cada vez que le llegaba la pregunta a\u00a0Dom\u00ednguez, el dirigente primero dec\u00eda: &#8220;Preg\u00fantenle a Enrique Bonilla&#8221;, expresidente de la\u00a0Liga MX\u00a0y que se supone que ahora se encarga de los asuntos internacionales de la FMF y despu\u00e9s cambi\u00f3 el discurso a Yon de Luisa, m\u00e1ximo dirigente del futbol mexicano.<\/p>\n\n\n\n<p>En el 2016, la\u00a0Liga MX\u00a0dej\u00f3 de participar en los torneos de la Conmebol, despu\u00e9s de casi 20 a\u00f1os de estar presente en Copa Libertadores, Copa Merconorte a nivel de club y Copa Am\u00e9rica a nivel de selecciones.<\/p>\n\n\n\n<p>En Libertadores se lleg\u00f3 a tres finales:\u00a0Cruz Azul,\u00a0Guadalajara\u00a0y\u00a0Tigres.<\/p>\n\n\n\n<p>A nivel de Copa Am\u00e9rica, la\u00a0Selecci\u00f3n Mexicana\u00a0fue finalista en Ecuador 1993 y Colombia 2001.<\/p>\n\n\n\n<p>La separaci\u00f3n del\u00a0futbol mexicano\u00a0y\u00a0Conmebol\u00a0se debi\u00f3 a temas de calendario, aunque tambi\u00e9n se habla que la FMF no estaba de acuerdo en el trato que daba la Confederaci\u00f3n Sudamericana a los equipos y dirigentes nacionales.<\/p>\n\n\n\n<p>Fuente: <a href=\"https:\/\/www.eluniversal.com.mx\/universal-deportes\/conmebol-se-lava-las-manos-en-el-regreso-de-equipos-mexicanos-copa-libertadores\">El Universal<\/a><\/p>\n","protected":false},"excerpt":{"rendered":"<p>La\u00a0Conmebol\u00a0se lava las manos con el posible regreso de los equipos mexicanos a los torneos sudamericanos. Alejandro Dom\u00ednguez, presidente de la Conmebol, dijo que hay que preguntarle a los dirigentes de la\u00a0Federaci\u00f3n Mexicana de Futbol\u00a0por esa oportunidad. Cada vez que le llegaba la pregunta a\u00a0Dom\u00ednguez, el dirigente primero dec\u00eda: &#8220;Preg\u00fantenle a Enrique Bonilla&#8221;, expresidente de [&hellip;]<\/p>\n","protected":false},"author":8,"featured_media":84032,"comment_status":"open","ping_status":"open","sticky":false,"template":"","format":"standard","meta":{"_monsterinsights_skip_tracking":false,"_monsterinsights_sitenote_active":false,"_monsterinsights_sitenote_note":"","_monsterinsights_sitenote_category":0,"footnotes":""},"categories":[159],"tags":[10270,3834,2633],"class_list":["post-84031","post","type-post","status-publish","format-standard","has-post-thumbnail","hentry","category-deportes","tag-conmebol","tag-copa-libertadores","tag-fmf","wp-image-borders"],"amp_enabled":true,"_links":{"self":[{"href":"https:\/\/nvnoticias.mx\/index.php\/wp-json\/wp\/v2\/posts\/84031","targetHints":{"allow":["GET"]}}],"collection":[{"href":"https:\/\/nvnoticias.mx\/index.php\/wp-json\/wp\/v2\/posts"}],"about":[{"href":"https:\/\/nvnoticias.mx\/index.php\/wp-json\/wp\/v2\/types\/post"}],"author":[{"embeddable":true,"href":"https:\/\/nvnoticias.mx\/index.php\/wp-json\/wp\/v2\/users\/8"}],"replies":[{"embeddable":true,"href":"https:\/\/nvnoticias.mx\/index.php\/wp-json\/wp\/v2\/comments?post=84031"}],"version-history":[{"count":1,"href":"https:\/\/nvnoticias.mx\/index.php\/wp-json\/wp\/v2\/posts\/84031\/revisions"}],"predecessor-version":[{"id":84033,"href":"https:\/\/nvnoticias.mx\/index.php\/wp-json\/wp\/v2\/posts\/84031\/revisions\/84033"}],"wp:featuredmedia":[{"embeddable":true,"href":"https:\/\/nvnoticias.mx\/index.php\/wp-json\/wp\/v2\/media\/84032"}],"wp:attachment":[{"href":"https:\/\/nvnoticias.mx\/index.php\/wp-json\/wp\/v2\/media?parent=84031"}],"wp:term":[{"taxonomy":"category","embeddable":true,"href":"https:\/\/nvnoticias.mx\/index.php\/wp-json\/wp\/v2\/categories?post=84031"},{"taxonomy":"post_tag","embeddable":true,"href":"https:\/\/nvnoticias.mx\/index.php\/wp-json\/wp\/v2\/tags?post=84031"}],"curies":[{"name":"wp","href":"https:\/\/api.w.org\/{rel}","templated":true}]}}