{"id":83902,"date":"2022-11-25T09:45:25","date_gmt":"2022-11-25T15:45:25","guid":{"rendered":"https:\/\/nvnoticias.mx\/?p=83902"},"modified":"2022-11-25T09:45:26","modified_gmt":"2022-11-25T15:45:26","slug":"destaca-ebrard-exito-de-la-alianza-del-pacifico","status":"publish","type":"post","link":"https:\/\/nvnoticias.mx\/index.php\/2022\/11\/25\/destaca-ebrard-exito-de-la-alianza-del-pacifico\/","title":{"rendered":"Destaca Ebrard \u00e9xito de la Alianza del Pac\u00edfico"},"content":{"rendered":"\n<p>El canciller\u00a0Marcelo Ebrard\u00a0destac\u00f3 el \u00e9xito de la<strong>\u00a0Alianza del Pac\u00edfico<\/strong>\u00a0al se\u00f1alar que son varios pa\u00edses que desean unirse, como\u00a0<strong>Singapur, Corea del Sur,\u00a0Nueva Zelanda, Australia, Honduras y Canad\u00e1,<\/strong>\u00a0entre otros, por lo que \u201cva a crecer, buena noticia\u201d.Te recomendamos:<\/p>\n\n\n\n<p>Asegur\u00f3 que m\u00e1s all\u00e1 de los retos a enfrentar por la crisis econ\u00f3mica mundial, la alianza debe concentrarse en avanzar en sus potencialidades y capacidades, por lo que&nbsp;pidi\u00f3 a los representantes de Colombia, Per\u00fa y Chile que en el marco de la Alianza del Pac\u00edfico&nbsp;\u201c\u00a1no solo imaginemos cosas chingonas, hagamos cosas chingonas!\u201d.<\/p>\n\n\n\n<p>Al inicio de la reuni\u00f3n del Consejo de Ministros, durante\u00a0la 17 Cumbre de la Alianza del Pac\u00edfico, el canciller inform\u00f3 que en breve se dar\u00e1 la fecha para la visita del presidente\u00a0<strong>Andr\u00e9s Manuel L\u00f3pez Obrador<\/strong>\u00a0a Lima\u00a0para entregar la presidencia del organismo a Pedro Castillo, quien debido a que no le fue otorgado permiso para viajar a M\u00e9xico\u00a0no pudo formalizar el relevo.<\/p>\n\n\n\n<p>Despu\u00e9s de una reuni\u00f3n privada con ministros de Exteriores y Econom\u00eda de Chile, Colombia y Per\u00fa, Ebrard destac\u00f3 que son muchas las solicitudes de ingreso a la alianza, de la cual M\u00e9xico tiene la presidencia protempore.<\/p>\n\n\n\n<p>Los pa\u00edses asistentes destacaron los alcances de las negociaciones en materia de econom\u00eda y confiaron en que\u00a0M\u00e9xico\u00a0logre acuerdos para incorporar a Ecuador, en tanto que avanza\u00a0el di\u00e1logo para la incorporaci\u00f3n de Costa Rica y Honduras.<\/p>\n\n\n\n<p>Ebrard inform\u00f3 que Singapur ya est\u00e1 asociado; Corea del Sur iniciar\u00e1 un proceso de Tratado de Libre Comercio como requisito para despu\u00e9s integrarlo, mientras que Honduras manifest\u00f3 en esta ocasi\u00f3n su inter\u00e9s por formar parte de la alianza.<\/p>\n\n\n\n<blockquote class=\"wp-block-quote is-layout-flow wp-block-quote-is-layout-flow\"><p>\u201cLa alianza funciona y las alianzas que no funcionan no tienen solicitudes de ingreso\u201d, dijo el canciller tras expresar que existe una expansi\u00f3n acelerada.<\/p><\/blockquote>\n\n\n\n<p>Adem\u00e1s, se acord\u00f3 que la Cumbre de Presidentes, donde se entregar\u00e1 la presidencia, se lleve a cabo en Lima, Per\u00fa, y la fecha se dar\u00e1&nbsp;a conocer la pr\u00f3xima semana.<\/p>\n\n\n\n<p>Al respecto, el canciller de Per\u00fa, C\u00e9sar Landa, celebr\u00f3 la consideraci\u00f3n de&nbsp;L\u00f3pez Obrador para viajar a Lima y entregar la presidencia de la Alianza del Pac\u00edfico y destac\u00f3 que la unidad continental permitir\u00e1 solventar los conflictos que enfrenta el mundo y ofreci\u00f3 reforzar la uni\u00f3n entre pa\u00edses de la regi\u00f3n.<\/p>\n\n\n\n<p>La ministra de\u00a0<strong>Comercio de Canad\u00e1, Mary Ng<\/strong>, dijo que buscan su integraci\u00f3n en la alianza, porque permitir\u00e1\u00a0fortalecer los acuerdos e inversiones que ya existen en la regi\u00f3n, a los que adem\u00e1s los une la amistad.<\/p>\n\n\n\n<p>Fuente: <a href=\"https:\/\/www.milenio.com\/politica\/marcelo-ebrard-alianza-pacifico-hagamos-chingonas\" data-type=\"URL\" data-id=\"https:\/\/www.milenio.com\/politica\/marcelo-ebrard-alianza-pacifico-hagamos-chingonas\">Milenio<\/a><\/p>\n","protected":false},"excerpt":{"rendered":"<p>El canciller\u00a0Marcelo Ebrard\u00a0destac\u00f3 el \u00e9xito de la\u00a0Alianza del Pac\u00edfico\u00a0al se\u00f1alar que son varios pa\u00edses que desean unirse, como\u00a0Singapur, Corea del Sur,\u00a0Nueva Zelanda, Australia, Honduras y Canad\u00e1,\u00a0entre otros, por lo que \u201cva a crecer, buena noticia\u201d.Te recomendamos: Asegur\u00f3 que m\u00e1s all\u00e1 de los retos a enfrentar por la crisis econ\u00f3mica mundial, la alianza debe concentrarse en [&hellip;]<\/p>\n","protected":false},"author":35,"featured_media":31640,"comment_status":"open","ping_status":"open","sticky":false,"template":"","format":"standard","meta":{"_monsterinsights_skip_tracking":false,"_monsterinsights_sitenote_active":false,"_monsterinsights_sitenote_note":"","_monsterinsights_sitenote_category":0,"footnotes":""},"categories":[158],"tags":[20863,10555,9588,391],"class_list":["post-83902","post","type-post","status-publish","format-standard","has-post-thumbnail","hentry","category-politica","tag-cumbre-de-la-alianza-de-pacifico","tag-destaca","tag-exito","tag-marcelo-ebrard","wp-image-borders"],"amp_enabled":true,"_links":{"self":[{"href":"https:\/\/nvnoticias.mx\/index.php\/wp-json\/wp\/v2\/posts\/83902","targetHints":{"allow":["GET"]}}],"collection":[{"href":"https:\/\/nvnoticias.mx\/index.php\/wp-json\/wp\/v2\/posts"}],"about":[{"href":"https:\/\/nvnoticias.mx\/index.php\/wp-json\/wp\/v2\/types\/post"}],"author":[{"embeddable":true,"href":"https:\/\/nvnoticias.mx\/index.php\/wp-json\/wp\/v2\/users\/35"}],"replies":[{"embeddable":true,"href":"https:\/\/nvnoticias.mx\/index.php\/wp-json\/wp\/v2\/comments?post=83902"}],"version-history":[{"count":4,"href":"https:\/\/nvnoticias.mx\/index.php\/wp-json\/wp\/v2\/posts\/83902\/revisions"}],"predecessor-version":[{"id":83909,"href":"https:\/\/nvnoticias.mx\/index.php\/wp-json\/wp\/v2\/posts\/83902\/revisions\/83909"}],"wp:featuredmedia":[{"embeddable":true,"href":"https:\/\/nvnoticias.mx\/index.php\/wp-json\/wp\/v2\/media\/31640"}],"wp:attachment":[{"href":"https:\/\/nvnoticias.mx\/index.php\/wp-json\/wp\/v2\/media?parent=83902"}],"wp:term":[{"taxonomy":"category","embeddable":true,"href":"https:\/\/nvnoticias.mx\/index.php\/wp-json\/wp\/v2\/categories?post=83902"},{"taxonomy":"post_tag","embeddable":true,"href":"https:\/\/nvnoticias.mx\/index.php\/wp-json\/wp\/v2\/tags?post=83902"}],"curies":[{"name":"wp","href":"https:\/\/api.w.org\/{rel}","templated":true}]}}