{"id":83856,"date":"2022-11-24T15:28:45","date_gmt":"2022-11-24T21:28:45","guid":{"rendered":"https:\/\/nvnoticias.mx\/?p=83856"},"modified":"2022-11-24T15:28:46","modified_gmt":"2022-11-24T21:28:46","slug":"destellos-historicos","status":"publish","type":"post","link":"https:\/\/nvnoticias.mx\/index.php\/2022\/11\/24\/destellos-historicos\/","title":{"rendered":"Destellos hist\u00f3ricos"},"content":{"rendered":"\n<p><strong>Juan Jos\u00e9 Rodr\u00edguez Prats<\/strong><\/p>\n\n\n\n<blockquote class=\"wp-block-quote is-layout-flow wp-block-quote-is-layout-flow\"><p><em>Despu\u00e9s de todo, un opositor es una especie de cura para la paranoia.<\/em><\/p><cite><strong>Guillermo Cabrera Infante<\/strong><\/cite><\/blockquote>\n\n\n\n<p>En tiempos de Tarquinio el Soberbio (Roma, 509 a.C.), viv\u00eda una mujer que destacaba por su belleza: Lucrecia. El hijo del rey no le iba a la zaga para cometer todo tipo de atropellos. Aprovechando la ausencia del esposo, viol\u00f3 a la susodicha beldad, lo cual ocasion\u00f3 un acto de hero\u00edsmo y dignidad. Frente a varios testigos, ella se suicid\u00f3 al tiempo que pronunciaba est\u00e1s inmortales palabras: \u201cPara que nadie oculte su deshonor utilizando mi nombre\u201d. Este acontecimiento, que ya refer\u00ed en otra ocasi\u00f3n, deton\u00f3 una gran rebeli\u00f3n del pueblo y el nacimiento de la Rep\u00fablica, fortaleciendo al Senado y dividiendo el poder en varios depositarios, con serias limitaciones en su ejercicio.<\/p>\n\n\n\n<p>En su tragedia Ant\u00edgona, S\u00f3focles escribe en el a\u00f1o 441 a.C., que \u00e9sta, desobedeciendo las \u00f3rdenes del rey Creonte de Tebas, da sepultura a su hermano se\u00f1alado como traidor. Ella alega que, sobre las \u00f3rdenes de los hombres, hab\u00eda un derecho superior que en conciencia deb\u00eda acatar. Ah\u00ed est\u00e1 uno de los antecedentes en la defensa de los derechos humanos.<\/p>\n\n\n\n<p>Posteriormente (63 a.C.), se dio un debate que se ha venido repitiendo. Cicer\u00f3n pronuncia sus famosas\u00a0<em>Catilinarias<\/em>, atacando al conspirador y subversivo Catilina, quien buscaba el poder. Fue derrotado, prevaleciendo la Rep\u00fablica y sus instituciones.<\/p>\n\n\n\n<p>En el a\u00f1o 44 a.C. fue asesinado Julio C\u00e9sar de 29 pu\u00f1aladas por los senadores. A Bruto, quien los encabezaba, se le atribuye una frase: \u201cAmo a Julio C\u00e9sar, pero amo m\u00e1s a Roma\u201d. Evidentemente, hab\u00eda se\u00f1ales de que este \u00faltimo era un peligro para la Rep\u00fablica por su ambici\u00f3n de acumular poder. Por razones y condiciones similares, fueron decapitados Carlos I en Inglaterra (1649) y Luis XVI en Francia (1793).<\/p>\n\n\n\n<p>En 1215, los nobles de Inglaterra, percibiendo a un monarca d\u00e9bil, Juan sin Tierra, lo obligaron a firmar la carta magna que obliga al gobernante a la rendici\u00f3n de cuentas y a responder la lista de agravios cometidos durante su desempe\u00f1o.<\/p>\n\n\n\n<p>En 1776, se firma el Acta de Independencia de Estados Unidos, que inicia con una sencilla reflexi\u00f3n: \u201cHay verdades evidentes por s\u00ed mismas\u201d, entre las que destaca \u201cel derecho a la b\u00fasqueda de la felicidad\u201d, depositando as\u00ed responsabilidades elementales en la persona. En ese mismo a\u00f1o, Adam Smith publica su libro&nbsp;<em>La riqueza de las naciones<\/em>, n\u00facleo de la teor\u00eda econ\u00f3mica hasta nuestros d\u00edas.<\/p>\n\n\n\n<p>En 1789, en Francia se da la Declaraci\u00f3n de Derechos Humanos, cuyo art\u00edculo 16 dice que carecen de Constituci\u00f3n aquellas naciones que no legislan sobre derechos humanos y divisi\u00f3n de Poderes.<\/p>\n\n\n\n<p>En 1863, Abraham Lincoln pronuncia un breve discurso de 400 palabras, de apenas dos minutos de duraci\u00f3n y que concluye con las siguientes palabras: \u201c\u2026vea renacer la libertad que el gobierno del pueblo, por el pueblo y para el pueblo no desaparezca de la faz de la tierra\u201d.<\/p>\n\n\n\n<p>Podr\u00edamos continuar con esta lista de acontecimientos y pensamientos que conforman la teor\u00eda del Estado y la doctrina de la democracia. Quedan para otra ocasi\u00f3n los destellos hist\u00f3ricos de nuestro pa\u00eds.<\/p>\n\n\n\n<p>Una cosa queda clara: ha sido preocupaci\u00f3n fundamental, desde las m\u00e1s incipientes experiencias para organizar a la sociedad \u2014que eso es a final de cuentas el Estado\u2014, intentar detener los abusos del poder.<\/p>\n\n\n\n<p>Todo esto viene a cuento por dos eventos que est\u00e1n en los extremos: la extraordinaria manifestaci\u00f3n del 13 de noviembre que nos hace recuperar el \u00e1nimo y la confianza en nuestra capacidad para ser ciudadanos y la ins\u00f3lita convocatoria del Presidente para votar por su partido en el Poder Legislativo para, a trav\u00e9s de una bancada sumisa y obediente, gobernar a su antojo. Ah\u00ed est\u00e1n las dos corrientes de pensamiento que se vienen enfrentando desde nuestra independencia: quienes apuestan por el Estado de derecho y los aut\u00f3cratas que hacen de la violaci\u00f3n a la ley su tarea cotidiana.<\/p>\n\n\n\n<p>De nosotros depende el desenlace.<\/p>\n","protected":false},"excerpt":{"rendered":"<p>Juan Jos\u00e9 Rodr\u00edguez Prats Despu\u00e9s de todo, un opositor es una especie de cura para la paranoia. Guillermo Cabrera Infante En tiempos de Tarquinio el Soberbio (Roma, 509 a.C.), viv\u00eda una mujer que destacaba por su belleza: Lucrecia. El hijo del rey no le iba a la zaga para cometer todo tipo de atropellos. Aprovechando [&hellip;]<\/p>\n","protected":false},"author":17,"featured_media":83858,"comment_status":"open","ping_status":"open","sticky":false,"template":"","format":"standard","meta":{"_monsterinsights_skip_tracking":false,"_monsterinsights_sitenote_active":false,"_monsterinsights_sitenote_note":"","_monsterinsights_sitenote_category":0,"footnotes":""},"categories":[614],"tags":[397],"class_list":["post-83856","post","type-post","status-publish","format-standard","has-post-thumbnail","hentry","category-politica-de-principios","tag-juan-jose-rodriguez-prats-2","wp-image-borders"],"amp_enabled":true,"_links":{"self":[{"href":"https:\/\/nvnoticias.mx\/index.php\/wp-json\/wp\/v2\/posts\/83856","targetHints":{"allow":["GET"]}}],"collection":[{"href":"https:\/\/nvnoticias.mx\/index.php\/wp-json\/wp\/v2\/posts"}],"about":[{"href":"https:\/\/nvnoticias.mx\/index.php\/wp-json\/wp\/v2\/types\/post"}],"author":[{"embeddable":true,"href":"https:\/\/nvnoticias.mx\/index.php\/wp-json\/wp\/v2\/users\/17"}],"replies":[{"embeddable":true,"href":"https:\/\/nvnoticias.mx\/index.php\/wp-json\/wp\/v2\/comments?post=83856"}],"version-history":[{"count":1,"href":"https:\/\/nvnoticias.mx\/index.php\/wp-json\/wp\/v2\/posts\/83856\/revisions"}],"predecessor-version":[{"id":83859,"href":"https:\/\/nvnoticias.mx\/index.php\/wp-json\/wp\/v2\/posts\/83856\/revisions\/83859"}],"wp:featuredmedia":[{"embeddable":true,"href":"https:\/\/nvnoticias.mx\/index.php\/wp-json\/wp\/v2\/media\/83858"}],"wp:attachment":[{"href":"https:\/\/nvnoticias.mx\/index.php\/wp-json\/wp\/v2\/media?parent=83856"}],"wp:term":[{"taxonomy":"category","embeddable":true,"href":"https:\/\/nvnoticias.mx\/index.php\/wp-json\/wp\/v2\/categories?post=83856"},{"taxonomy":"post_tag","embeddable":true,"href":"https:\/\/nvnoticias.mx\/index.php\/wp-json\/wp\/v2\/tags?post=83856"}],"curies":[{"name":"wp","href":"https:\/\/api.w.org\/{rel}","templated":true}]}}