{"id":83666,"date":"2022-11-23T11:55:43","date_gmt":"2022-11-23T17:55:43","guid":{"rendered":"https:\/\/nvnoticias.mx\/?p=83666"},"modified":"2022-11-23T11:55:45","modified_gmt":"2022-11-23T17:55:45","slug":"anuncia-claudia-sheinbaum-que-se-casa","status":"publish","type":"post","link":"https:\/\/nvnoticias.mx\/index.php\/2022\/11\/23\/anuncia-claudia-sheinbaum-que-se-casa\/","title":{"rendered":"Anuncia Claudia Sheinbaum que se casa"},"content":{"rendered":"\n<p>En una entrevista con Martha Debayle, la gobernante de la Ciudad de M\u00e9xico habl\u00f3 sobre sus planes con el cient\u00edfico\u00a0Jes\u00fas Mar\u00eda Tarriba Unger, quien es f\u00edsico por la Universidad Nacional Aut\u00f3noma de M\u00e9xico (UNAM).<\/p>\n\n\n\n<p>Durante la noche del Grito de Independencia del 15 de septiembre de 2021, Sheinbaum y&nbsp;Tarriba Unger estuvieron acompa\u00f1ados en el evento oficial, lo que confirm\u00f3 la relaci\u00f3n.<\/p>\n\n\n\n<blockquote class=\"wp-block-quote is-layout-flow wp-block-quote-is-layout-flow\"><p>&#8220;Cuando no sabes por cu\u00e1l foto decidirte, pero siempre eliges a la misma persona. Jes\u00fas&#8221;, escribi\u00f3 la jefa de Gobierno hace apenas una semana en Instagram, en donde varios de sus seguidores le desearon lo mejor en su relaci\u00f3n.<\/p><\/blockquote>\n\n\n\n<p>Sheinbaum es doctora, y al igual que su prometido, es licenciada en\u00a0F\u00edsica en la Facultad de Ciencias\u00a0de la UNAM.<\/p>\n\n\n\n<p>Fue l\u00edder estudiantil durante la huelga de la UNAM en 1986, junto a su exesposo, Carlos \u00cdmaz Gispert, con quien tuvo a dos hijos, Rodrigo y Mariana \u00cdmaz Sheinbaum.<\/p>\n\n\n\n<p>Fuente: <a href=\"https:\/\/www.eluniversal.com.mx\/metropoli\/claudia-sheinbaum-anuncia-que-se-casa\" data-type=\"URL\" data-id=\"https:\/\/www.eluniversal.com.mx\/metropoli\/claudia-sheinbaum-anuncia-que-se-casa\">El Universal<\/a><\/p>\n","protected":false},"excerpt":{"rendered":"<p>En una entrevista con Martha Debayle, la gobernante de la Ciudad de M\u00e9xico habl\u00f3 sobre sus planes con el cient\u00edfico\u00a0Jes\u00fas Mar\u00eda Tarriba Unger, quien es f\u00edsico por la Universidad Nacional Aut\u00f3noma de M\u00e9xico (UNAM). Durante la noche del Grito de Independencia del 15 de septiembre de 2021, Sheinbaum y&nbsp;Tarriba Unger estuvieron acompa\u00f1ados en el evento [&hellip;]<\/p>\n","protected":false},"author":35,"featured_media":81655,"comment_status":"open","ping_status":"open","sticky":false,"template":"","format":"standard","meta":{"_monsterinsights_skip_tracking":false,"_monsterinsights_sitenote_active":false,"_monsterinsights_sitenote_note":"","_monsterinsights_sitenote_category":0,"footnotes":""},"categories":[157],"tags":[7791,4388,2801],"class_list":["post-83666","post","type-post","status-publish","format-standard","has-post-thumbnail","hentry","category-nacional","tag-anuncia","tag-casa","tag-claudia-sheinbaum","wp-image-borders"],"amp_enabled":true,"_links":{"self":[{"href":"https:\/\/nvnoticias.mx\/index.php\/wp-json\/wp\/v2\/posts\/83666","targetHints":{"allow":["GET"]}}],"collection":[{"href":"https:\/\/nvnoticias.mx\/index.php\/wp-json\/wp\/v2\/posts"}],"about":[{"href":"https:\/\/nvnoticias.mx\/index.php\/wp-json\/wp\/v2\/types\/post"}],"author":[{"embeddable":true,"href":"https:\/\/nvnoticias.mx\/index.php\/wp-json\/wp\/v2\/users\/35"}],"replies":[{"embeddable":true,"href":"https:\/\/nvnoticias.mx\/index.php\/wp-json\/wp\/v2\/comments?post=83666"}],"version-history":[{"count":1,"href":"https:\/\/nvnoticias.mx\/index.php\/wp-json\/wp\/v2\/posts\/83666\/revisions"}],"predecessor-version":[{"id":83667,"href":"https:\/\/nvnoticias.mx\/index.php\/wp-json\/wp\/v2\/posts\/83666\/revisions\/83667"}],"wp:featuredmedia":[{"embeddable":true,"href":"https:\/\/nvnoticias.mx\/index.php\/wp-json\/wp\/v2\/media\/81655"}],"wp:attachment":[{"href":"https:\/\/nvnoticias.mx\/index.php\/wp-json\/wp\/v2\/media?parent=83666"}],"wp:term":[{"taxonomy":"category","embeddable":true,"href":"https:\/\/nvnoticias.mx\/index.php\/wp-json\/wp\/v2\/categories?post=83666"},{"taxonomy":"post_tag","embeddable":true,"href":"https:\/\/nvnoticias.mx\/index.php\/wp-json\/wp\/v2\/tags?post=83666"}],"curies":[{"name":"wp","href":"https:\/\/api.w.org\/{rel}","templated":true}]}}