{"id":83607,"date":"2022-11-22T18:30:24","date_gmt":"2022-11-23T00:30:24","guid":{"rendered":"https:\/\/nvnoticias.mx\/?p=83607"},"modified":"2022-11-22T18:30:26","modified_gmt":"2022-11-23T00:30:26","slug":"propietarios-del-manchester-united-consideran-vender-al-club","status":"publish","type":"post","link":"https:\/\/nvnoticias.mx\/index.php\/2022\/11\/22\/propietarios-del-manchester-united-consideran-vender-al-club\/","title":{"rendered":"Propietarios del Manchester United consideran vender al club"},"content":{"rendered":"\n<p>Los propietarios estadunidenses del Manchester United ingl\u00e9s anunciaron este martes por la noche que estaban abiertos a una venta del club, que se halla lejos de su mejor momento deportivo y del lustre de anta\u00f1o. <\/p>\n\n\n\n<p>El anuncio se produce horas despu\u00e9s de que el club anunciara la ruptura definitiva con el cinco veces Bal\u00f3n de Oro, Cristiano Ronaldo, de &#8220;mutuo acuerdo&#8221; y &#8220;con efecto inmediato&#8221;, un a\u00f1o y medio despu\u00e9s de su regreso a M\u00e1nchester. <\/p>\n\n\n\n<blockquote class=\"wp-block-quote is-layout-flow wp-block-quote-is-layout-flow\"><p>&#8220;El consejo de administraci\u00f3n considerar\u00e1 todas las alternativas estrat\u00e9gicas, incluida una nueva inversi\u00f3n en el club, una venta, u otras transacciones que impliquen a la compa\u00f1\u00eda&#8221;, precis\u00f3 el club, propiedad de la familia Glazer desde 2005, en un comunicado. <\/p><\/blockquote>\n\n\n\n<p>El fracaso de Ronaldo en su regreso al club en el que se dio a conocer a nivel mundial entre 2003 y 2009 es uno de los marcadores de la incapacidad del Manchester United para recuperar un lugar en la cima de la jerarqu\u00eda brit\u00e1nica, en la que mandan equipos como el Manchester City, el Liverpool y el Chelsea. <\/p>\n\n\n\n<p>El \u00faltimo t\u00edtulo de la Premier League de los Red Devils\u00a0lleg\u00f3 en 2013, en la \u00faltima temporada de Alex Ferguson como entrenador. <\/p>\n\n\n\n<blockquote class=\"wp-block-quote is-layout-flow wp-block-quote-is-layout-flow\"><p>&#8220;<em>Evaluaremos todas las opciones para asegurar que servimos mejor a nuestros seguidores y que el Manchester United maximiza las oportunidades de crecimiento al alcance del club ahora y en el futuro<\/em>&#8220;, escribieron Avram y Joel Glazer, los dos copresidentes del club, hijos del empresario Malcolm Glazer, fallecido en 2014 y que se hizo cargo del club en 2005. <\/p><\/blockquote>\n\n\n\n<p>Fuente: <a href=\"https:\/\/www.milenio.com\/deportes\/futbol-internacional\/manchester-united-propietarios-consideran-venta-club\">Milenio<\/a><\/p>\n","protected":false},"excerpt":{"rendered":"<p>Los propietarios estadunidenses del Manchester United ingl\u00e9s anunciaron este martes por la noche que estaban abiertos a una venta del club, que se halla lejos de su mejor momento deportivo y del lustre de anta\u00f1o. El anuncio se produce horas despu\u00e9s de que el club anunciara la ruptura definitiva con el cinco veces Bal\u00f3n de [&hellip;]<\/p>\n","protected":false},"author":8,"featured_media":83608,"comment_status":"open","ping_status":"open","sticky":false,"template":"","format":"standard","meta":{"_monsterinsights_skip_tracking":false,"_monsterinsights_sitenote_active":false,"_monsterinsights_sitenote_note":"","_monsterinsights_sitenote_category":0,"footnotes":""},"categories":[159],"tags":[5843,2730],"class_list":["post-83607","post","type-post","status-publish","format-standard","has-post-thumbnail","hentry","category-deportes","tag-manchester-united","tag-venta","wp-image-borders"],"amp_enabled":true,"_links":{"self":[{"href":"https:\/\/nvnoticias.mx\/index.php\/wp-json\/wp\/v2\/posts\/83607","targetHints":{"allow":["GET"]}}],"collection":[{"href":"https:\/\/nvnoticias.mx\/index.php\/wp-json\/wp\/v2\/posts"}],"about":[{"href":"https:\/\/nvnoticias.mx\/index.php\/wp-json\/wp\/v2\/types\/post"}],"author":[{"embeddable":true,"href":"https:\/\/nvnoticias.mx\/index.php\/wp-json\/wp\/v2\/users\/8"}],"replies":[{"embeddable":true,"href":"https:\/\/nvnoticias.mx\/index.php\/wp-json\/wp\/v2\/comments?post=83607"}],"version-history":[{"count":1,"href":"https:\/\/nvnoticias.mx\/index.php\/wp-json\/wp\/v2\/posts\/83607\/revisions"}],"predecessor-version":[{"id":83609,"href":"https:\/\/nvnoticias.mx\/index.php\/wp-json\/wp\/v2\/posts\/83607\/revisions\/83609"}],"wp:featuredmedia":[{"embeddable":true,"href":"https:\/\/nvnoticias.mx\/index.php\/wp-json\/wp\/v2\/media\/83608"}],"wp:attachment":[{"href":"https:\/\/nvnoticias.mx\/index.php\/wp-json\/wp\/v2\/media?parent=83607"}],"wp:term":[{"taxonomy":"category","embeddable":true,"href":"https:\/\/nvnoticias.mx\/index.php\/wp-json\/wp\/v2\/categories?post=83607"},{"taxonomy":"post_tag","embeddable":true,"href":"https:\/\/nvnoticias.mx\/index.php\/wp-json\/wp\/v2\/tags?post=83607"}],"curies":[{"name":"wp","href":"https:\/\/api.w.org\/{rel}","templated":true}]}}