{"id":83567,"date":"2022-11-22T12:58:08","date_gmt":"2022-11-22T18:58:08","guid":{"rendered":"https:\/\/nvnoticias.mx\/?p=83567"},"modified":"2022-11-22T12:58:09","modified_gmt":"2022-11-22T18:58:09","slug":"produccion-de-arboles-de-navidad-en-veracruz-es-insuficiente-para-la-demanda","status":"publish","type":"post","link":"https:\/\/nvnoticias.mx\/index.php\/2022\/11\/22\/produccion-de-arboles-de-navidad-en-veracruz-es-insuficiente-para-la-demanda\/","title":{"rendered":"Producci\u00f3n de \u00e1rboles de navidad en Veracruz es insuficiente para la demanda"},"content":{"rendered":"\n<p><strong>Sam Ojeda\u00a0\/ NV Noticias<\/strong><\/p>\n\n\n\n<p>Xalapa.- La producci\u00f3n de \u00e1rboles de navidad en Veracruz no cubre la demanda que existe durante diciembre, reconoci\u00f3 el titular de la Promotor\u00eda de Desarrollo Forestal de la Comisi\u00f3n Nacional Forestal (Conafor), H\u00e9ctor Mota Velasco.<\/p>\n\n\n\n<p>Dijo que en la zona de Perote y Las Vigas de Ram\u00edrez se agrupa el mayor n\u00famero de aprovechamientos forestales de este tipo.<\/p>\n\n\n\n<p>A\u00fan as\u00ed, dijo que la demanda es tal que los \u00e1rboles se deben importar de sitios como Canad\u00e1 y Estados Unidos.\u00a0<\/p>\n\n\n\n<blockquote class=\"wp-block-quote is-layout-flow wp-block-quote-is-layout-flow\"><p>\u201c<em>La mayor parte de los productores est\u00e1 en Perote, pero se dan abasto para atender la demanda, el mercado est\u00e1 requiriendo mayor cantidad de \u00e1rboles y por eso hay importaci\u00f3n desde Canad\u00e1 y Estados Unidos<\/em>\u201d.<\/p><\/blockquote>\n\n\n\n<p>No obstantes dijo que hay familias que prefieren comprar \u00e1rboles veracruzanos porque adem\u00e1s se dan la oportunidad de ir a cortarlos con sus seres queridos en zonas boscosas.<\/p>\n\n\n\n<blockquote class=\"wp-block-quote is-layout-flow wp-block-quote-is-layout-flow\"><p>\u201c<em>La gente prefiere comprar los \u00e1rboles de Veracruz, adem\u00e1s de que se ha convertido en tradici\u00f3n ir a los diferentes ranchos durante un fin de semana familiar, asar carne, cortar el \u00e1rbol<\/em>\u201d.<\/p><\/blockquote>\n","protected":false},"excerpt":{"rendered":"<p>Sam Ojeda\u00a0\/ NV Noticias Xalapa.- La producci\u00f3n de \u00e1rboles de navidad en Veracruz no cubre la demanda que existe durante diciembre, reconoci\u00f3 el titular de la Promotor\u00eda de Desarrollo Forestal de la Comisi\u00f3n Nacional Forestal (Conafor), H\u00e9ctor Mota Velasco. Dijo que en la zona de Perote y Las Vigas de Ram\u00edrez se agrupa el mayor [&hellip;]<\/p>\n","protected":false},"author":8,"featured_media":83568,"comment_status":"open","ping_status":"open","sticky":false,"template":"","format":"standard","meta":{"_monsterinsights_skip_tracking":false,"_monsterinsights_sitenote_active":false,"_monsterinsights_sitenote_note":"","_monsterinsights_sitenote_category":0,"footnotes":""},"categories":[156],"tags":[21234,2073],"class_list":["post-83567","post","type-post","status-publish","format-standard","has-post-thumbnail","hentry","category-estado","tag-arboles-de-navidad","tag-produccion","wp-image-borders"],"amp_enabled":true,"_links":{"self":[{"href":"https:\/\/nvnoticias.mx\/index.php\/wp-json\/wp\/v2\/posts\/83567","targetHints":{"allow":["GET"]}}],"collection":[{"href":"https:\/\/nvnoticias.mx\/index.php\/wp-json\/wp\/v2\/posts"}],"about":[{"href":"https:\/\/nvnoticias.mx\/index.php\/wp-json\/wp\/v2\/types\/post"}],"author":[{"embeddable":true,"href":"https:\/\/nvnoticias.mx\/index.php\/wp-json\/wp\/v2\/users\/8"}],"replies":[{"embeddable":true,"href":"https:\/\/nvnoticias.mx\/index.php\/wp-json\/wp\/v2\/comments?post=83567"}],"version-history":[{"count":1,"href":"https:\/\/nvnoticias.mx\/index.php\/wp-json\/wp\/v2\/posts\/83567\/revisions"}],"predecessor-version":[{"id":83569,"href":"https:\/\/nvnoticias.mx\/index.php\/wp-json\/wp\/v2\/posts\/83567\/revisions\/83569"}],"wp:featuredmedia":[{"embeddable":true,"href":"https:\/\/nvnoticias.mx\/index.php\/wp-json\/wp\/v2\/media\/83568"}],"wp:attachment":[{"href":"https:\/\/nvnoticias.mx\/index.php\/wp-json\/wp\/v2\/media?parent=83567"}],"wp:term":[{"taxonomy":"category","embeddable":true,"href":"https:\/\/nvnoticias.mx\/index.php\/wp-json\/wp\/v2\/categories?post=83567"},{"taxonomy":"post_tag","embeddable":true,"href":"https:\/\/nvnoticias.mx\/index.php\/wp-json\/wp\/v2\/tags?post=83567"}],"curies":[{"name":"wp","href":"https:\/\/api.w.org\/{rel}","templated":true}]}}