{"id":8346,"date":"2021-03-20T12:50:35","date_gmt":"2021-03-20T18:50:35","guid":{"rendered":"https:\/\/nvnoticias.mx\/?p=8346"},"modified":"2021-03-20T12:51:18","modified_gmt":"2021-03-20T18:51:18","slug":"perredistas-piden-liberacion-exsecretario-gobierno","status":"publish","type":"post","link":"https:\/\/nvnoticias.mx\/index.php\/2021\/03\/20\/perredistas-piden-liberacion-exsecretario-gobierno\/","title":{"rendered":"Perredistas piden liberaci\u00f3n del exsecretario de Gobierno"},"content":{"rendered":"\n<p><strong>Jes\u00fas Utrilla \/ NV Noticias<\/strong><\/p>\n\n\n\n<p>Veracruz.- Militantes del PRD se plantaron en Plaza de la Soberan\u00eda, en el municipio de Veracruz para exigir la liberaci\u00f3n del exsecretario de Gobierno Rogelio &#8220;N&#8221;.<\/p>\n\n\n\n<p>Con pancartas en mano solicitaron que se le de un juicio justo \u00c1lex funcionario estatal y que no se antepongan intereses pol\u00edticos.<\/p>\n\n\n\n<blockquote class=\"wp-block-quote is-layout-flow wp-block-quote-is-layout-flow\"><p>\u201cExigimos la libertad para Rogelio Franco Cast\u00e1n\u201d, se\u00f1al\u00f3 Julio Salda\u00f1a Mor\u00e1n.<\/p><\/blockquote>\n\n\n\n<p>Los militantes del sol azteca se concentraron en el Boulevard Manuel \u00c1vila Camacho casi esquina Bol\u00edvar para efectuar el pronunciamiento ante la segunda audiencia de vinculaci\u00f3n a proceso en la cual se determinar\u00e1 si existe la medida cautelar de prisi\u00f3n preventiva o el pago de una fianza para continuar con el proceso en libertad.<\/p>\n\n\n\n<p>Pidieron que exista congruencia y un trato justo en contra del exsecretario.<\/p>\n\n\n\n<p>Cabe mencionar que la misma protesta se replic\u00f3 en al menos 80 municipios del estado de Veracruz para manifestar el apoyo solidario a Rogelio &#8220;N&#8221;.<\/p>\n\n\n\n<p>Julio Salda\u00f1a en d\u00edas previos solicit\u00f3 que la justicia no sea selectiva y\u00a0 exhort\u00f3 a que la alianza no solo sea electoral sino en defensa de todos los veracruzanos.<\/p>\n\n\n\n<p>En Xalapa tambi\u00e9n protestaron al pie del Palacio de Gobierno para exigir un juicio equitativo.<\/p>\n\n\n\n<p>Cabe recordar que Rogelio \u201cN\u201d, fue detenido por el presunto delito de ultrajes a la autoridad.<\/p>\n\n\n\n<p>Confiaron en que habr\u00e1\u00a0un acto de congruencia que dar\u00e1 lugar a la liberaci\u00f3n.<\/p>\n","protected":false},"excerpt":{"rendered":"<p>Jes\u00fas Utrilla \/ NV Noticias Veracruz.- Militantes del PRD se plantaron en Plaza de la Soberan\u00eda, en el municipio de Veracruz para exigir la liberaci\u00f3n del exsecretario de Gobierno Rogelio &#8220;N&#8221;. Con pancartas en mano solicitaron que se le de un juicio justo \u00c1lex funcionario estatal y que no se antepongan intereses pol\u00edticos. \u201cExigimos la [&hellip;]<\/p>\n","protected":false},"author":7,"featured_media":8347,"comment_status":"open","ping_status":"open","sticky":false,"template":"","format":"standard","meta":{"_monsterinsights_skip_tracking":false,"_monsterinsights_sitenote_active":false,"_monsterinsights_sitenote_note":"","_monsterinsights_sitenote_category":0,"footnotes":""},"categories":[154],"tags":[2280,2423,2043,2422,322,2234,180],"class_list":["post-8346","post","type-post","status-publish","format-standard","has-post-thumbnail","hentry","category-veracruz","tag-caso-rogelio","tag-julio-saldana-moran","tag-partido-de-la-revolucion-democratica","tag-perredistas","tag-prd","tag-rogelio-n","tag-veracruz","wp-image-borders"],"amp_enabled":true,"_links":{"self":[{"href":"https:\/\/nvnoticias.mx\/index.php\/wp-json\/wp\/v2\/posts\/8346","targetHints":{"allow":["GET"]}}],"collection":[{"href":"https:\/\/nvnoticias.mx\/index.php\/wp-json\/wp\/v2\/posts"}],"about":[{"href":"https:\/\/nvnoticias.mx\/index.php\/wp-json\/wp\/v2\/types\/post"}],"author":[{"embeddable":true,"href":"https:\/\/nvnoticias.mx\/index.php\/wp-json\/wp\/v2\/users\/7"}],"replies":[{"embeddable":true,"href":"https:\/\/nvnoticias.mx\/index.php\/wp-json\/wp\/v2\/comments?post=8346"}],"version-history":[{"count":1,"href":"https:\/\/nvnoticias.mx\/index.php\/wp-json\/wp\/v2\/posts\/8346\/revisions"}],"predecessor-version":[{"id":8348,"href":"https:\/\/nvnoticias.mx\/index.php\/wp-json\/wp\/v2\/posts\/8346\/revisions\/8348"}],"wp:featuredmedia":[{"embeddable":true,"href":"https:\/\/nvnoticias.mx\/index.php\/wp-json\/wp\/v2\/media\/8347"}],"wp:attachment":[{"href":"https:\/\/nvnoticias.mx\/index.php\/wp-json\/wp\/v2\/media?parent=8346"}],"wp:term":[{"taxonomy":"category","embeddable":true,"href":"https:\/\/nvnoticias.mx\/index.php\/wp-json\/wp\/v2\/categories?post=8346"},{"taxonomy":"post_tag","embeddable":true,"href":"https:\/\/nvnoticias.mx\/index.php\/wp-json\/wp\/v2\/tags?post=8346"}],"curies":[{"name":"wp","href":"https:\/\/api.w.org\/{rel}","templated":true}]}}