{"id":83422,"date":"2022-11-21T12:09:17","date_gmt":"2022-11-21T18:09:17","guid":{"rendered":"https:\/\/nvnoticias.mx\/?p=83422"},"modified":"2022-11-21T14:21:21","modified_gmt":"2022-11-21T20:21:21","slug":"rechaza-mexico-ante-la-onu-uso-de-energia-nuclear-con-fines-belicos","status":"publish","type":"post","link":"https:\/\/nvnoticias.mx\/index.php\/2022\/11\/21\/rechaza-mexico-ante-la-onu-uso-de-energia-nuclear-con-fines-belicos\/","title":{"rendered":"Rechaza M\u00e9xico ante la ONU uso de energ\u00eda nuclear con fines b\u00e9licos"},"content":{"rendered":"\n<p><strong>M\u00e9xico&nbsp;<\/strong>expres\u00f3 hoy su rechazo al uso de la&nbsp;<strong>energ\u00eda nuclear con fines b\u00e9licos<\/strong>, tras el lanzamiento de un nuevo misil bal\u00edstico intercontinental (ICBM) por parte de&nbsp;<strong>Corea del Norte<\/strong>.<\/p>\n\n\n\n<p>En una sesi\u00f3n convocada en el Consejo de Seguridad de Naciones Unidas (<strong>ONU<\/strong>), el embajador mexicano, Juan Ram\u00f3n de la Fuente, expres\u00f3 su preocupaci\u00f3n no s\u00f3lo por el lanzamiento de este misil, que cay\u00f3 en zona econ\u00f3mica exclusiva de Jap\u00f3n, sino de otros previos, incluyendo uno que cay\u00f3 en la zona econ\u00f3mica exclusiva de Corea del Sur.<\/p>\n\n\n\n<p>De la Fuente lament\u00f3 que, frente a estas acciones, el Consejo \u201cno ha sido capaz de emitir se\u00f1al alguna. No ha habido diferencias si despu\u00e9s de ser informados hay un debate abierto o consultas cerradas\u201d.<\/p>\n\n\n\n<p>El embajador subray\u00f3 que \u201cel silencio guardado ha mandado se\u00f1al equivocada. Los lanzamientos contin\u00faan en franco desaf\u00edo al Consejo, a sus resoluciones previas, a todo el sistema multilateral y al r\u00e9gimen global de no proliferaci\u00f3n\u201d.<\/p>\n\n\n\n<p><strong>M\u00e9xico<\/strong>, dijo, hace eco de la condena que el secretario general de Naciones Unidas, Ant\u00f3nio Guterres, emiti\u00f3 tras el m\u00e1s reciente lanzamiento norcoreano. Tambi\u00e9n se suma a los llamados para que Norcorea \u201cdeje de realizar acciones provocadoras, y se convoque a la reanudaci\u00f3n del di\u00e1logo pol\u00edtico\u201d.<\/p>\n\n\n\n<p>De la Fuente fue claro en que \u201cM\u00e9xico se opone al uso de energ\u00eda nuclear con fines b\u00e9licos y llama a la desnuclearizaci\u00f3n de la pen\u00ednsula de Corea\u201d. En ese sentido, reiter\u00f3 el respaldo \u201ca las resoluciones del Consejo para evitar la proliferaci\u00f3n de la tecnolog\u00eda nuclear y de misiles y llama a los Estados a observarlas escrupulosamente\u201d.<\/p>\n\n\n\n<p>Sin embargo, reiter\u00f3 que \u201ces necesario que el Consejo, de manera unida, se manifieste claramente. Estos lanzamientos son inaceptables y deben parar ya\u201d.<\/p>\n\n\n\n<p>M\u00e9xico, concluy\u00f3, seguir\u00e1 apoyando en el Consejo y otros foros multilaterales \u201clos esfuerzos de la comunidad internacional para detener el desarrollo de tecnolog\u00edas y capacidades con fines b\u00e9licos, as\u00ed como para promover ambiente de respeto, cooperaci\u00f3n y medidas para una soluci\u00f3n diplom\u00e1tica que conduzca a una desnuclearizaci\u00f3n completa de la pen\u00ednsula coreana\u201d.<\/p>\n\n\n\n<p>Fuente: <a href=\"https:\/\/www.eluniversal.com.mx\/mundo\/mexico-rechaza-ante-la-onu-uso-de-energia-nuclear-con-fines-belicos\" data-type=\"URL\" data-id=\"https:\/\/www.eluniversal.com.mx\/mundo\/mexico-rechaza-ante-la-onu-uso-de-energia-nuclear-con-fines-belicos\">El Universo<\/a><\/p>\n","protected":false},"excerpt":{"rendered":"<p>M\u00e9xico&nbsp;expres\u00f3 hoy su rechazo al uso de la&nbsp;energ\u00eda nuclear con fines b\u00e9licos, tras el lanzamiento de un nuevo misil bal\u00edstico intercontinental (ICBM) por parte de&nbsp;Corea del Norte. En una sesi\u00f3n convocada en el Consejo de Seguridad de Naciones Unidas (ONU), el embajador mexicano, Juan Ram\u00f3n de la Fuente, expres\u00f3 su preocupaci\u00f3n no s\u00f3lo por el [&hellip;]<\/p>\n","protected":false},"author":35,"featured_media":60062,"comment_status":"open","ping_status":"open","sticky":false,"template":"","format":"standard","meta":{"_monsterinsights_skip_tracking":false,"_monsterinsights_sitenote_active":false,"_monsterinsights_sitenote_note":"","_monsterinsights_sitenote_category":0,"footnotes":""},"categories":[157],"tags":[21212,21051,292,513,162],"class_list":["post-83422","post","type-post","status-publish","format-standard","has-post-thumbnail","hentry","category-nacional","tag-belicos","tag-energia-nuclear","tag-mexico","tag-onu","tag-portada","wp-image-borders"],"amp_enabled":true,"_links":{"self":[{"href":"https:\/\/nvnoticias.mx\/index.php\/wp-json\/wp\/v2\/posts\/83422","targetHints":{"allow":["GET"]}}],"collection":[{"href":"https:\/\/nvnoticias.mx\/index.php\/wp-json\/wp\/v2\/posts"}],"about":[{"href":"https:\/\/nvnoticias.mx\/index.php\/wp-json\/wp\/v2\/types\/post"}],"author":[{"embeddable":true,"href":"https:\/\/nvnoticias.mx\/index.php\/wp-json\/wp\/v2\/users\/35"}],"replies":[{"embeddable":true,"href":"https:\/\/nvnoticias.mx\/index.php\/wp-json\/wp\/v2\/comments?post=83422"}],"version-history":[{"count":2,"href":"https:\/\/nvnoticias.mx\/index.php\/wp-json\/wp\/v2\/posts\/83422\/revisions"}],"predecessor-version":[{"id":83455,"href":"https:\/\/nvnoticias.mx\/index.php\/wp-json\/wp\/v2\/posts\/83422\/revisions\/83455"}],"wp:featuredmedia":[{"embeddable":true,"href":"https:\/\/nvnoticias.mx\/index.php\/wp-json\/wp\/v2\/media\/60062"}],"wp:attachment":[{"href":"https:\/\/nvnoticias.mx\/index.php\/wp-json\/wp\/v2\/media?parent=83422"}],"wp:term":[{"taxonomy":"category","embeddable":true,"href":"https:\/\/nvnoticias.mx\/index.php\/wp-json\/wp\/v2\/categories?post=83422"},{"taxonomy":"post_tag","embeddable":true,"href":"https:\/\/nvnoticias.mx\/index.php\/wp-json\/wp\/v2\/tags?post=83422"}],"curies":[{"name":"wp","href":"https:\/\/api.w.org\/{rel}","templated":true}]}}