{"id":83378,"date":"2022-11-21T10:25:23","date_gmt":"2022-11-21T16:25:23","guid":{"rendered":"https:\/\/nvnoticias.mx\/?p=83378"},"modified":"2022-11-21T10:25:24","modified_gmt":"2022-11-21T16:25:24","slug":"amlo-felicita-a-la-seleccion-mexicana-de-taekwondo-por-ganar-medalla-de-oro-en-el-mundial","status":"publish","type":"post","link":"https:\/\/nvnoticias.mx\/index.php\/2022\/11\/21\/amlo-felicita-a-la-seleccion-mexicana-de-taekwondo-por-ganar-medalla-de-oro-en-el-mundial\/","title":{"rendered":"AMLO felicita a la Selecci\u00f3n Mexicana de Taekwondo por ganar medalla de oro en el Mundial"},"content":{"rendered":"\n<p>Al manifestar que son \u201cun orgullo para\u00a0M\u00e9xico\u201d y \u201cun hecho in\u00e9dito\u201d, el presidente\u00a0Andr\u00e9s Manuel L\u00f3pez Obrador\u00a0felicit\u00f3 a \u00a0la Selecci\u00f3n Mexicana de Taekwondo por haber ganado la medalla de oro en equipo en el Campeonato Mundial de Taekwondo, que se llev\u00f3 a cabo en\u00a0Guadalajara,\u00a0Jalisco.\u00a0<\/p>\n\n\n\n<p>Al inicio de su conferencia matutina, el jefe del\u00a0Ejecutivo federal\u00a0destac\u00f3 que por 24 a\u00f1os, Corea del Sur siempre hab\u00eda ganado la medalla de oro, pero ahora \u201clos mexicano hicieron esta haza\u00f1a\u201d.<\/p>\n\n\n\n<blockquote class=\"wp-block-quote is-layout-flow wp-block-quote-is-layout-flow\"><p>\u201c<em>Nuestro reconocimiento al equipo de Taekwondo porque obtuvo medalla de oro el equipo mexicana en el\u00a0Campeonato Mundial de Taekwondo en Guadalajara. Es una hecho in\u00e9dito, porque en 24 a\u00f1os siempre estaba en primer lugar Corea del Sur y ahora los mexicanos hicieron esta haza\u00f1a.\u00a0<\/em><\/p><\/blockquote>\n\n\n\n<blockquote class=\"wp-block-quote is-layout-flow wp-block-quote-is-layout-flow\"><p>\u201cE<em>s un orgullo para M\u00e9xico y nuestras m\u00e1s sinceras felicitaciones a sus entrenados, a sus familiares y amigos. \u00a1Felicidades<\/em>!\u201d, manifest\u00f3.\u00a0<\/p><\/blockquote>\n\n\n\n<p>En el sal\u00f3n Tesorer\u00eda de\u00a0Palacio Nacional, el Mandatario federal destac\u00f3 que en lo individual Leslie Soltero Garc\u00eda, Daniela Paola Souza, Carlos Adrian Sansores obtuvieron Acevedo tambi\u00e9n medalla de oro; mientras que Cesar Rom\u00e1n Rodr\u00edguez se colg\u00f3 la medalla de plata, y Bryan Andr\u00e9s Salazar y Brand\u00f3n Plaza Hern\u00e1ndez obtuvieron bronce.<\/p>\n\n\n\n<p>Fuente: <a href=\"https:\/\/www.eluniversal.com.mx\/universal-deportes\/amlo-felicita-la-seleccion-mexicana-de-taekwondo-por-ganar-la-medalla-de-oro-en-el-campeonato-mundial\">El Universal<\/a><\/p>\n","protected":false},"excerpt":{"rendered":"<p>Al manifestar que son \u201cun orgullo para\u00a0M\u00e9xico\u201d y \u201cun hecho in\u00e9dito\u201d, el presidente\u00a0Andr\u00e9s Manuel L\u00f3pez Obrador\u00a0felicit\u00f3 a \u00a0la Selecci\u00f3n Mexicana de Taekwondo por haber ganado la medalla de oro en equipo en el Campeonato Mundial de Taekwondo, que se llev\u00f3 a cabo en\u00a0Guadalajara,\u00a0Jalisco.\u00a0 Al inicio de su conferencia matutina, el jefe del\u00a0Ejecutivo federal\u00a0destac\u00f3 que por [&hellip;]<\/p>\n","protected":false},"author":8,"featured_media":83381,"comment_status":"open","ping_status":"open","sticky":false,"template":"","format":"standard","meta":{"_monsterinsights_skip_tracking":false,"_monsterinsights_sitenote_active":false,"_monsterinsights_sitenote_note":"","_monsterinsights_sitenote_category":0,"footnotes":""},"categories":[159],"tags":[188,2397,2694,13686],"class_list":["post-83378","post","type-post","status-publish","format-standard","has-post-thumbnail","hentry","category-deportes","tag-amlo","tag-mundial","tag-seleccion-mexicana","tag-taekwondo-2","wp-image-borders"],"amp_enabled":true,"_links":{"self":[{"href":"https:\/\/nvnoticias.mx\/index.php\/wp-json\/wp\/v2\/posts\/83378","targetHints":{"allow":["GET"]}}],"collection":[{"href":"https:\/\/nvnoticias.mx\/index.php\/wp-json\/wp\/v2\/posts"}],"about":[{"href":"https:\/\/nvnoticias.mx\/index.php\/wp-json\/wp\/v2\/types\/post"}],"author":[{"embeddable":true,"href":"https:\/\/nvnoticias.mx\/index.php\/wp-json\/wp\/v2\/users\/8"}],"replies":[{"embeddable":true,"href":"https:\/\/nvnoticias.mx\/index.php\/wp-json\/wp\/v2\/comments?post=83378"}],"version-history":[{"count":1,"href":"https:\/\/nvnoticias.mx\/index.php\/wp-json\/wp\/v2\/posts\/83378\/revisions"}],"predecessor-version":[{"id":83382,"href":"https:\/\/nvnoticias.mx\/index.php\/wp-json\/wp\/v2\/posts\/83378\/revisions\/83382"}],"wp:featuredmedia":[{"embeddable":true,"href":"https:\/\/nvnoticias.mx\/index.php\/wp-json\/wp\/v2\/media\/83381"}],"wp:attachment":[{"href":"https:\/\/nvnoticias.mx\/index.php\/wp-json\/wp\/v2\/media?parent=83378"}],"wp:term":[{"taxonomy":"category","embeddable":true,"href":"https:\/\/nvnoticias.mx\/index.php\/wp-json\/wp\/v2\/categories?post=83378"},{"taxonomy":"post_tag","embeddable":true,"href":"https:\/\/nvnoticias.mx\/index.php\/wp-json\/wp\/v2\/tags?post=83378"}],"curies":[{"name":"wp","href":"https:\/\/api.w.org\/{rel}","templated":true}]}}