{"id":83369,"date":"2022-11-21T10:03:54","date_gmt":"2022-11-21T16:03:54","guid":{"rendered":"https:\/\/nvnoticias.mx\/?p=83369"},"modified":"2022-11-21T10:03:56","modified_gmt":"2022-11-21T16:03:56","slug":"marcelo-ebrard-avisa-llegada-de-aguacate-mexicano-a-qatar","status":"publish","type":"post","link":"https:\/\/nvnoticias.mx\/index.php\/2022\/11\/21\/marcelo-ebrard-avisa-llegada-de-aguacate-mexicano-a-qatar\/","title":{"rendered":"Marcelo Ebrard avisa llegada de aguacate mexicano a Qatar"},"content":{"rendered":"\n<p>El aguacate mexicano ha llegado a Qatar. A partir de esta fecha, y coincidiendo con el inicio de la Copa Mundial de F\u00fatbol de 2022, M\u00e9xico exportar\u00e1 aguacate a esta naci\u00f3n del Golfo.<\/p>\n\n\n\n<p>El primer env\u00edo de aguacate Hass proviene de Tac\u00e1mbaro, Michoac\u00e1n, por parte de la pyme David&#8217;s Avocados y de la mano y asesor\u00eda del Corporativo La Vi\u00f1a. Esta exportaci\u00f3n representa la apertura de esta fruta en la relaci\u00f3n comercial M\u00e9xico-Qatar. Se esperan importaciones semanales de 15 toneladas a partir de la \u00faltima semana de noviembre.<\/p>\n\n\n\n<p>El proyecto de exportaci\u00f3n se logr\u00f3 gracias al apoyo de la Secretar\u00eda de Relaciones Exteriores (SRE) y del Consejo de Negocios M\u00e9xico-Qatar.<\/p>\n\n\n\n<blockquote class=\"wp-block-quote is-layout-flow wp-block-quote-is-layout-flow\"><p>\u201c<em>Les quiero decir que el d\u00eda de hoy tenemos una buena noticia. Ha llegado el primer embarque de aguacate desde Michoac\u00e1n. Lo que ustedes est\u00e1n viendo aqu\u00ed, o sea lo que nosotros llamamos guacamole, es la presencia de M\u00e9xico en todo el mundo, porque \u00bfc\u00f3mo vamos a ir a un Mundial sin guacamole?<\/em>\u201d, declar\u00f3 el canciller Marcelo Ebrard.<\/p><\/blockquote>\n\n\n\n<p>A partir de hoy, M\u00e9xico cuenta con un espacio p\u00fablico dedicado a nuestro pa\u00eds en el coraz\u00f3n cultural de la capital de Qatar, en la Fundaci\u00f3n Cultural Katara Village, en Doha.<\/p>\n\n\n\n<p>Ello luego de que el canciller Ebrard devel\u00f3 dos esculturas, un orix y una ballena jorobada, del artista mexicano Rodrigo Sol\u00f3rzano, como una contribuci\u00f3n y s\u00edmbolo de amistad con Qatar y la fundaci\u00f3n Katara que cedi\u00f3 un espacio a la SRE para instalar el Centro M\u00e9xico Qatar 2022, \u00fanico pa\u00eds con una iniciativa de este tipo en el pa\u00eds \u00e1rabe.<\/p>\n\n\n\n<blockquote class=\"wp-block-quote is-layout-flow wp-block-quote-is-layout-flow\"><p>\u201c<em>Este lugar que hoy nos congrega est\u00e1 dedicado a M\u00e9xico, a las y a los mexicanos, y queremos agradecer a las autoridades que nos han permitido que as\u00ed sea\u201d<\/em>, remarc\u00f3 el secretario de Relaciones Exteriores.<\/p><\/blockquote>\n\n\n\n<blockquote class=\"wp-block-quote is-layout-flow wp-block-quote-is-layout-flow\"><p>\u201c<em>Este mural que se pint\u00f3 aqu\u00ed es para que sea el punto de reuni\u00f3n y de identidad de las y los mexicanos; no solo durante el Mundial, porque vamos a dejar nuestra presencia despu\u00e9s del Mundial\u2026 aqu\u00ed est\u00e1 su autora, quien est\u00e1 promoviendo eso en todo el mundo y que est\u00e1n dedicada est\u00e1s esculturas a la biodiversidad<\/em>.\u201d, dijo el canciller.<\/p><\/blockquote>\n\n\n\n<p>Las esculturas se suman al mural de Eva Bracamontes, qu\u00e9 refleja la biodiversidad de ambos pa\u00edses, y que tambi\u00e9n est\u00e1 ubicado en la plaza Katara.<\/p>\n\n\n\n<p>La apertura de este espacio dedicado a nuestro pa\u00eds forma parte de la iniciativa lanzada por la Secretar\u00eda de Relaciones Exteriores a principios de a\u00f1o, en la que las representaciones de M\u00e9xico en el exterior trabajan en el establecimiento e identificaci\u00f3n de espacios p\u00fablicos de identidad mexicana a trav\u00e9s del arte urbano, dedicatorias, esculturas, pintura mural y elementos inspirados en nuestra cultura y tradiciones.<\/p>\n","protected":false},"excerpt":{"rendered":"<p>El aguacate mexicano ha llegado a Qatar. A partir de esta fecha, y coincidiendo con el inicio de la Copa Mundial de F\u00fatbol de 2022, M\u00e9xico exportar\u00e1 aguacate a esta naci\u00f3n del Golfo. El primer env\u00edo de aguacate Hass proviene de Tac\u00e1mbaro, Michoac\u00e1n, por parte de la pyme David&#8217;s Avocados y de la mano y [&hellip;]<\/p>\n","protected":false},"author":8,"featured_media":83371,"comment_status":"open","ping_status":"open","sticky":false,"template":"","format":"standard","meta":{"_monsterinsights_skip_tracking":false,"_monsterinsights_sitenote_active":false,"_monsterinsights_sitenote_note":"","_monsterinsights_sitenote_category":0,"footnotes":""},"categories":[181],"tags":[10389,391,1305],"class_list":["post-83369","post","type-post","status-publish","format-standard","has-post-thumbnail","hentry","category-internacional","tag-aguacate","tag-marcelo-ebrard","tag-qatar","wp-image-borders"],"amp_enabled":true,"_links":{"self":[{"href":"https:\/\/nvnoticias.mx\/index.php\/wp-json\/wp\/v2\/posts\/83369","targetHints":{"allow":["GET"]}}],"collection":[{"href":"https:\/\/nvnoticias.mx\/index.php\/wp-json\/wp\/v2\/posts"}],"about":[{"href":"https:\/\/nvnoticias.mx\/index.php\/wp-json\/wp\/v2\/types\/post"}],"author":[{"embeddable":true,"href":"https:\/\/nvnoticias.mx\/index.php\/wp-json\/wp\/v2\/users\/8"}],"replies":[{"embeddable":true,"href":"https:\/\/nvnoticias.mx\/index.php\/wp-json\/wp\/v2\/comments?post=83369"}],"version-history":[{"count":1,"href":"https:\/\/nvnoticias.mx\/index.php\/wp-json\/wp\/v2\/posts\/83369\/revisions"}],"predecessor-version":[{"id":83372,"href":"https:\/\/nvnoticias.mx\/index.php\/wp-json\/wp\/v2\/posts\/83369\/revisions\/83372"}],"wp:featuredmedia":[{"embeddable":true,"href":"https:\/\/nvnoticias.mx\/index.php\/wp-json\/wp\/v2\/media\/83371"}],"wp:attachment":[{"href":"https:\/\/nvnoticias.mx\/index.php\/wp-json\/wp\/v2\/media?parent=83369"}],"wp:term":[{"taxonomy":"category","embeddable":true,"href":"https:\/\/nvnoticias.mx\/index.php\/wp-json\/wp\/v2\/categories?post=83369"},{"taxonomy":"post_tag","embeddable":true,"href":"https:\/\/nvnoticias.mx\/index.php\/wp-json\/wp\/v2\/tags?post=83369"}],"curies":[{"name":"wp","href":"https:\/\/api.w.org\/{rel}","templated":true}]}}