{"id":83315,"date":"2022-11-20T15:06:48","date_gmt":"2022-11-20T21:06:48","guid":{"rendered":"https:\/\/nvnoticias.mx\/?p=83315"},"modified":"2022-11-20T15:06:50","modified_gmt":"2022-11-20T21:06:50","slug":"fallece-hebe-de-bonafini-lider-de-las-madres-de-plaza-de-mayo-en-argentina","status":"publish","type":"post","link":"https:\/\/nvnoticias.mx\/index.php\/2022\/11\/20\/fallece-hebe-de-bonafini-lider-de-las-madres-de-plaza-de-mayo-en-argentina\/","title":{"rendered":"Fallece Hebe de Bonafini, l\u00edder de las Madres de Plaza de Mayo en Argentina"},"content":{"rendered":"\n<p>Hebe de Bonafini, la hist\u00f3rica presidenta de la asociaci\u00f3n argentina Madres de Plaza de Mayo formada durante la dictadura (1976-1983) para conocer el destino de sus hijos y otros detenidos desaparecidos por el r\u00e9gimen militar, falleci\u00f3 este domingo a los 93 a\u00f1os, confirm\u00f3 la vicepresidenta Cristina Fern\u00e1ndez de Kirchner. <\/p>\n\n\n\n<blockquote class=\"wp-block-quote is-layout-flow wp-block-quote-is-layout-flow\"><p>&#8220;<em>Querid\u00edsima Hebe, Madre de Plaza de Mayo, s\u00edmbolo mundial de la lucha por los Derechos Humanos, orgullo de la Argentina. Dios te llam\u00f3 el d\u00eda de la Soberan\u00eda Nacional&#8230; no debe ser casualidad. Simplemente gracias y hasta siempre<\/em>&#8220;, escribi\u00f3 Fern\u00e1ndez en un tuit. <\/p><\/blockquote>\n\n\n\n<figure class=\"wp-block-embed aligncenter is-type-rich is-provider-twitter wp-block-embed-twitter\"><div class=\"wp-block-embed__wrapper\">\n<blockquote class=\"twitter-tweet\" data-width=\"550\" data-dnt=\"true\"><p lang=\"es\" dir=\"ltr\">Querid\u00edsima Hebe, Madre de Plaza de Mayo, s\u00edmbolo mundial de la lucha por los Derechos Humanos, orgullo de la Argentina. Dios te llam\u00f3 el d\u00eda de la Soberan\u00eda Nacional\u2026 no debe ser casualidad. Simplemente gracias y hasta siempre. <a href=\"https:\/\/t.co\/TVUfmywmAi\">pic.twitter.com\/TVUfmywmAi<\/a><\/p>&mdash; Cristina Kirchner (@CFKArgentina) <a href=\"https:\/\/twitter.com\/CFKArgentina\/status\/1594330258815303681?ref_src=twsrc%5Etfw\">November 20, 2022<\/a><\/blockquote><script async src=\"https:\/\/platform.twitter.com\/widgets.js\" charset=\"utf-8\"><\/script>\n<\/div><\/figure>\n\n\n\n<p>Bonafini muri\u00f3 en un hospital de la ciudad de La Plata, en la provincia de Buenos Aires, donde estaba internada desde hace pocos d\u00edas.\u00a0 <\/p>\n\n\n\n<p>La activista por los derechos humanos, con dos hijos y su nuera desaparecidos durante la dictadura, cultiv\u00f3 un perfil controversial al volverse una f\u00e9rrea militante del kirchnerismo. En 2017, fue procesada por presunto desv\u00edo de fondos p\u00fablicos. <\/p>\n\n\n\n<p>Segun revela la agencia T\u00e9lam, previo a su internaci\u00f3n en el hospital, la dirigente encabez\u00f3 la marcha que realiza todos los jueves, donde invit\u00f3 a estudiantes secundarios para que expusieran sobre las tomas de escuelas en la ciudad de Buenos Aires. <\/p>\n\n\n\n<p>Adem\u00e1s, el 5 de octubre, Bonafini asisti\u00f3 al Centro Cultural Kirchner (CCK) para la inauguraci\u00f3n de la muestra fotogr\u00e1fica que revela en im\u00e1genes su biograf\u00eda, titulada &#8220;Hebe de Bonafini, una madre rev\/belada&#8221;, seg\u00fan sostuvo la agencia argentina. <\/p>\n\n\n\n<p>Fuente: <a href=\"https:\/\/www.milenio.com\/internacional\/hebe-bonafini-lider-madres-plaza-mayo-murio-argentina\">Milenio<\/a><\/p>\n","protected":false},"excerpt":{"rendered":"<p>Hebe de Bonafini, la hist\u00f3rica presidenta de la asociaci\u00f3n argentina Madres de Plaza de Mayo formada durante la dictadura (1976-1983) para conocer el destino de sus hijos y otros detenidos desaparecidos por el r\u00e9gimen militar, falleci\u00f3 este domingo a los 93 a\u00f1os, confirm\u00f3 la vicepresidenta Cristina Fern\u00e1ndez de Kirchner. &#8220;Querid\u00edsima Hebe, Madre de Plaza de [&hellip;]<\/p>\n","protected":false},"author":8,"featured_media":83317,"comment_status":"open","ping_status":"open","sticky":false,"template":"","format":"standard","meta":{"_monsterinsights_skip_tracking":false,"_monsterinsights_sitenote_active":false,"_monsterinsights_sitenote_note":"","_monsterinsights_sitenote_category":0,"footnotes":""},"categories":[181],"tags":[259,21191,21192],"class_list":["post-83315","post","type-post","status-publish","format-standard","has-post-thumbnail","hentry","category-internacional","tag-argentina","tag-hebe-de-bonafini","tag-madres-de-plaza-de-mayo","wp-image-borders"],"amp_enabled":true,"_links":{"self":[{"href":"https:\/\/nvnoticias.mx\/index.php\/wp-json\/wp\/v2\/posts\/83315","targetHints":{"allow":["GET"]}}],"collection":[{"href":"https:\/\/nvnoticias.mx\/index.php\/wp-json\/wp\/v2\/posts"}],"about":[{"href":"https:\/\/nvnoticias.mx\/index.php\/wp-json\/wp\/v2\/types\/post"}],"author":[{"embeddable":true,"href":"https:\/\/nvnoticias.mx\/index.php\/wp-json\/wp\/v2\/users\/8"}],"replies":[{"embeddable":true,"href":"https:\/\/nvnoticias.mx\/index.php\/wp-json\/wp\/v2\/comments?post=83315"}],"version-history":[{"count":1,"href":"https:\/\/nvnoticias.mx\/index.php\/wp-json\/wp\/v2\/posts\/83315\/revisions"}],"predecessor-version":[{"id":83318,"href":"https:\/\/nvnoticias.mx\/index.php\/wp-json\/wp\/v2\/posts\/83315\/revisions\/83318"}],"wp:featuredmedia":[{"embeddable":true,"href":"https:\/\/nvnoticias.mx\/index.php\/wp-json\/wp\/v2\/media\/83317"}],"wp:attachment":[{"href":"https:\/\/nvnoticias.mx\/index.php\/wp-json\/wp\/v2\/media?parent=83315"}],"wp:term":[{"taxonomy":"category","embeddable":true,"href":"https:\/\/nvnoticias.mx\/index.php\/wp-json\/wp\/v2\/categories?post=83315"},{"taxonomy":"post_tag","embeddable":true,"href":"https:\/\/nvnoticias.mx\/index.php\/wp-json\/wp\/v2\/tags?post=83315"}],"curies":[{"name":"wp","href":"https:\/\/api.w.org\/{rel}","templated":true}]}}