{"id":83306,"date":"2022-11-20T14:44:46","date_gmt":"2022-11-20T20:44:46","guid":{"rendered":"https:\/\/nvnoticias.mx\/?p=83306"},"modified":"2022-11-20T14:44:46","modified_gmt":"2022-11-20T20:44:46","slug":"buscan-aumentar-la-donacion-de-organos-en-veracruz","status":"publish","type":"post","link":"https:\/\/nvnoticias.mx\/index.php\/2022\/11\/20\/buscan-aumentar-la-donacion-de-organos-en-veracruz\/","title":{"rendered":"Buscan aumentar la donaci\u00f3n de \u00f3rganos en Veracruz"},"content":{"rendered":"\n<p><strong>Jes\u00fas Utrilla \/ NV Noticias<\/strong><\/p>\n\n\n\n<p>La tasa de donaci\u00f3n de \u00f3rganos en Veracruz es menor a la media nacional.<\/p>\n\n\n\n<p>El\u00edas Bonilla Casas, coordinador de\u00a0\u00a0Donaci\u00f3n de \u00d3rganos y Tejidos del Hospital Centro M\u00e9dico Nacional Ruiz Cortines, dijo que al\u00a0menos 17 mil pacientes est\u00e1n a la espera de la donaci\u00f3n de un ri\u00f1\u00f3n\u00a0<\/p>\n\n\n\n<p>La tasa de donaci\u00f3n de \u00f3rganos a nivel nacional es de 5 personas por cada mill\u00f3n de habitantes, pero en Veracruz es de 0.5 donantes por cada mill\u00f3n.&nbsp;<\/p>\n\n\n\n<p>Mientras que el tejido con mayor demanda es la c\u00f3rnea, con 5 mil pacientes.<\/p>\n\n\n\n<blockquote class=\"wp-block-quote is-layout-flow wp-block-quote-is-layout-flow\"><p>\u201c<em>Influyen varios factores como la diabetes o hipertensi\u00f3n, pero tambi\u00e9n las enfermedades de inmunosupresi\u00f3n que nos llevan a insuficiencia renal o los trastornos gen\u00e9ticos<\/em>\u201d.\u00a0<\/p><\/blockquote>\n\n\n\n<p>En el caso de la c\u00f3rnea se llega a necesitar trasplante por \u00falcera o trauma.<\/p>\n\n\n\n<p>La mayor demanda de ri\u00f1\u00f3n se tiene en la zona centro del estado por casos de insuficiencia renal.<\/p>\n\n\n\n<blockquote class=\"wp-block-quote is-layout-flow wp-block-quote-is-layout-flow\"><p>\u201c<em>Esto se traduce en terapia de sustituci\u00f3n renal, como di\u00e1lisis o hemodi\u00e1lisis. Los municipios del centro son los que tienen m\u00e1s incidencia\u201d<\/em>.<\/p><\/blockquote>\n\n\n\n<p>Los estados de Oaxaca, Veracruz, Hidalgo, Estado de M\u00e9xico y Puebla son los que tienen m\u00e1s pacientes en lista de espera de un ri\u00f1\u00f3n.<\/p>\n\n\n\n<p>En M\u00e9xico persiste la falta de informaci\u00f3n sobre la donaci\u00f3n de \u00f3rganos, pues la persona podr\u00eda vivir con un solo ri\u00f1\u00f3n sin mayor problema.<\/p>\n\n\n\n<p>Prueba de ello son los pacientes que durante 20 o 30 a\u00f1os est\u00e1n por ri\u00f1ones con poca funcionalidad y se dan cuenta de la enfermedad hasta que se acaba la funci\u00f3n.<\/p>\n\n\n\n<p>Aunado a ello persiste la falta de sensibilidad.<\/p>\n\n\n\n<p>Por otro lado se encuentra el desconocimiento sobre la muerte encef\u00e1lica, ya que la mayor\u00eda de los familiares se niegan a que el paciente que ya muri\u00f3 done los \u00f3rganos.<\/p>\n\n\n\n<blockquote class=\"wp-block-quote is-layout-flow wp-block-quote-is-layout-flow\"><p>\u201c<em>Somos una cultura que rechaza la muerte y no la aceptamos. Por eso no se acepta el diagn\u00f3stico de muerte encef\u00e1lica<\/em>\u201d.<\/p><\/blockquote>\n\n\n\n<p>La muerte encef\u00e1lica se presenta con la p\u00e9rdida de funcionalidad del cerebro<\/p>\n","protected":false},"excerpt":{"rendered":"<p>Jes\u00fas Utrilla \/ NV Noticias La tasa de donaci\u00f3n de \u00f3rganos en Veracruz es menor a la media nacional. El\u00edas Bonilla Casas, coordinador de\u00a0\u00a0Donaci\u00f3n de \u00d3rganos y Tejidos del Hospital Centro M\u00e9dico Nacional Ruiz Cortines, dijo que al\u00a0menos 17 mil pacientes est\u00e1n a la espera de la donaci\u00f3n de un ri\u00f1\u00f3n\u00a0 La tasa de donaci\u00f3n [&hellip;]<\/p>\n","protected":false},"author":8,"featured_media":83307,"comment_status":"open","ping_status":"open","sticky":false,"template":"","format":"standard","meta":{"_monsterinsights_skip_tracking":false,"_monsterinsights_sitenote_active":false,"_monsterinsights_sitenote_note":"","_monsterinsights_sitenote_category":0,"footnotes":""},"categories":[154],"tags":[3109,21190,180],"class_list":["post-83306","post","type-post","status-publish","format-standard","has-post-thumbnail","hentry","category-veracruz","tag-aumento","tag-donacion-de-organos","tag-veracruz","wp-image-borders"],"amp_enabled":true,"_links":{"self":[{"href":"https:\/\/nvnoticias.mx\/index.php\/wp-json\/wp\/v2\/posts\/83306","targetHints":{"allow":["GET"]}}],"collection":[{"href":"https:\/\/nvnoticias.mx\/index.php\/wp-json\/wp\/v2\/posts"}],"about":[{"href":"https:\/\/nvnoticias.mx\/index.php\/wp-json\/wp\/v2\/types\/post"}],"author":[{"embeddable":true,"href":"https:\/\/nvnoticias.mx\/index.php\/wp-json\/wp\/v2\/users\/8"}],"replies":[{"embeddable":true,"href":"https:\/\/nvnoticias.mx\/index.php\/wp-json\/wp\/v2\/comments?post=83306"}],"version-history":[{"count":1,"href":"https:\/\/nvnoticias.mx\/index.php\/wp-json\/wp\/v2\/posts\/83306\/revisions"}],"predecessor-version":[{"id":83308,"href":"https:\/\/nvnoticias.mx\/index.php\/wp-json\/wp\/v2\/posts\/83306\/revisions\/83308"}],"wp:featuredmedia":[{"embeddable":true,"href":"https:\/\/nvnoticias.mx\/index.php\/wp-json\/wp\/v2\/media\/83307"}],"wp:attachment":[{"href":"https:\/\/nvnoticias.mx\/index.php\/wp-json\/wp\/v2\/media?parent=83306"}],"wp:term":[{"taxonomy":"category","embeddable":true,"href":"https:\/\/nvnoticias.mx\/index.php\/wp-json\/wp\/v2\/categories?post=83306"},{"taxonomy":"post_tag","embeddable":true,"href":"https:\/\/nvnoticias.mx\/index.php\/wp-json\/wp\/v2\/tags?post=83306"}],"curies":[{"name":"wp","href":"https:\/\/api.w.org\/{rel}","templated":true}]}}