{"id":83297,"date":"2022-11-20T12:59:25","date_gmt":"2022-11-20T18:59:25","guid":{"rendered":"https:\/\/nvnoticias.mx\/?p=83297"},"modified":"2022-11-20T12:59:25","modified_gmt":"2022-11-20T18:59:25","slug":"ponen-en-marcha-acopio-de-cabello-natural-para-hacer-gorritos-para-pacientes-con-cancer","status":"publish","type":"post","link":"https:\/\/nvnoticias.mx\/index.php\/2022\/11\/20\/ponen-en-marcha-acopio-de-cabello-natural-para-hacer-gorritos-para-pacientes-con-cancer\/","title":{"rendered":"Ponen en marcha acopio de cabello natural para hacer gorritos para pacientes con c\u00e1ncer"},"content":{"rendered":"\n<p><strong>Jes\u00fas Utrilla \/ NV Noticias<\/strong><\/p>\n\n\n\n<p>La Agrupaci\u00f3n la Esperanza de una Sonrisa llam\u00f3 a donar cabello natural&nbsp;&nbsp;para la realizaci\u00f3n de gorritos oncol\u00f3gicos.<\/p>\n\n\n\n<p>Las pelucas ser\u00e1n entregadas gratuitamente a las mujeres con c\u00e1ncer, inform\u00f3 Jaquel\u00edn Vera Galv\u00e1n, integrante de la agrupaci\u00f3n.<\/p>\n\n\n\n<p>Record\u00f3 que la autoestima es importante para que un paciente pueda vencer la enfermedad.<\/p>\n\n\n\n<p>Al momento entregaron 9 trenzas a la Asolaci\u00f3n Mujeres Unidad Contra el C\u00e1ncer de Mama.<\/p>\n\n\n\n<blockquote class=\"wp-block-quote is-layout-flow wp-block-quote-is-layout-flow\"><p>\u201c<em>Hay dos centros de acopio, el primero en el parque Zaragoza todos los s\u00e1bados de 4 a 6 de la tarde y el otro es una est\u00e9tica llamada Balance y Armon\u00eda, ubicada en Calzada L\u00e1zaro C\u00e1rdenas en la calle 12 esquina 9 en Boca del R\u00edo<\/em>\u201d.<\/p><\/blockquote>\n\n\n\n<p>Quienes deseen donar deben tener en cuenta las siguientes las caracter\u00edsticas del cabello: estar seco, limpio y tener una extensi\u00f3n de 20 cent\u00edmetros como m\u00ednimo.<\/p>\n\n\n\n<p>En caso de estar te\u00f1ido, tendr\u00e1 que ser de un solo color.<\/p>\n\n\n\n<blockquote class=\"wp-block-quote is-layout-flow wp-block-quote-is-layout-flow\"><p>\u201c<em>Tenemos estilistas que realizan el corte y les emparejan el cabello y nosotros guardamos las trenzas. Nosotros lo entregamos a la agrupaci\u00f3n MUAC que se dedica apoyar a las mujeres con c\u00e1ncer<\/em>\u201d.<\/p><\/blockquote>\n\n\n\n<p>Insisti\u00f3 en que una mujer con c\u00e1ncer con autoestima y bien \u00e1nimo puede vencer mas r\u00e1pido la enfermedad.<\/p>\n\n\n\n<p>Por ello se pretende mejorar la autoestima de pacientes con c\u00e1ncer.<\/p>\n\n\n\n<p>Para formar una cortina muchas veces deben ocuparse cabellos de diferentes coletas y por lo mismo tienen caracter\u00edsticas distintas y requieren emparejarse.<\/p>\n","protected":false},"excerpt":{"rendered":"<p>Jes\u00fas Utrilla \/ NV Noticias La Agrupaci\u00f3n la Esperanza de una Sonrisa llam\u00f3 a donar cabello natural&nbsp;&nbsp;para la realizaci\u00f3n de gorritos oncol\u00f3gicos. Las pelucas ser\u00e1n entregadas gratuitamente a las mujeres con c\u00e1ncer, inform\u00f3 Jaquel\u00edn Vera Galv\u00e1n, integrante de la agrupaci\u00f3n. Record\u00f3 que la autoestima es importante para que un paciente pueda vencer la enfermedad. Al [&hellip;]<\/p>\n","protected":false},"author":8,"featured_media":83298,"comment_status":"open","ping_status":"open","sticky":false,"template":"","format":"standard","meta":{"_monsterinsights_skip_tracking":false,"_monsterinsights_sitenote_active":false,"_monsterinsights_sitenote_note":"","_monsterinsights_sitenote_category":0,"footnotes":""},"categories":[154],"tags":[8628,21187,797],"class_list":["post-83297","post","type-post","status-publish","format-standard","has-post-thumbnail","hentry","category-veracruz","tag-acopio","tag-cabello-natural","tag-cancer","wp-image-borders"],"amp_enabled":true,"_links":{"self":[{"href":"https:\/\/nvnoticias.mx\/index.php\/wp-json\/wp\/v2\/posts\/83297","targetHints":{"allow":["GET"]}}],"collection":[{"href":"https:\/\/nvnoticias.mx\/index.php\/wp-json\/wp\/v2\/posts"}],"about":[{"href":"https:\/\/nvnoticias.mx\/index.php\/wp-json\/wp\/v2\/types\/post"}],"author":[{"embeddable":true,"href":"https:\/\/nvnoticias.mx\/index.php\/wp-json\/wp\/v2\/users\/8"}],"replies":[{"embeddable":true,"href":"https:\/\/nvnoticias.mx\/index.php\/wp-json\/wp\/v2\/comments?post=83297"}],"version-history":[{"count":1,"href":"https:\/\/nvnoticias.mx\/index.php\/wp-json\/wp\/v2\/posts\/83297\/revisions"}],"predecessor-version":[{"id":83299,"href":"https:\/\/nvnoticias.mx\/index.php\/wp-json\/wp\/v2\/posts\/83297\/revisions\/83299"}],"wp:featuredmedia":[{"embeddable":true,"href":"https:\/\/nvnoticias.mx\/index.php\/wp-json\/wp\/v2\/media\/83298"}],"wp:attachment":[{"href":"https:\/\/nvnoticias.mx\/index.php\/wp-json\/wp\/v2\/media?parent=83297"}],"wp:term":[{"taxonomy":"category","embeddable":true,"href":"https:\/\/nvnoticias.mx\/index.php\/wp-json\/wp\/v2\/categories?post=83297"},{"taxonomy":"post_tag","embeddable":true,"href":"https:\/\/nvnoticias.mx\/index.php\/wp-json\/wp\/v2\/tags?post=83297"}],"curies":[{"name":"wp","href":"https:\/\/api.w.org\/{rel}","templated":true}]}}