{"id":83255,"date":"2022-11-20T08:10:47","date_gmt":"2022-11-20T14:10:47","guid":{"rendered":"https:\/\/nvnoticias.mx\/?p=83255"},"modified":"2022-11-20T08:10:49","modified_gmt":"2022-11-20T14:10:49","slug":"mexico-aprueba-vacuna-cubana-contra-covid-soberana-para-uso-de-emergencia","status":"publish","type":"post","link":"https:\/\/nvnoticias.mx\/index.php\/2022\/11\/20\/mexico-aprueba-vacuna-cubana-contra-covid-soberana-para-uso-de-emergencia\/","title":{"rendered":"M\u00e9xico aprueba vacuna cubana contra Covid, Soberana, para uso de emergencia"},"content":{"rendered":"\n<p>La\u00a0vacuna cubana contra el COVID-19, Soberana,\u00a0fue aprobada para uso de emergencia por la\u00a0Comisi\u00f3n Federal para la Protecci\u00f3n contra Riesgos Sanitarios (Cofepris)\u00a0este s\u00e1bado 19 de noviembre.<\/p>\n\n\n\n<p>En un comunicado, la Cofepris record\u00f3 que esta dosis hab\u00eda recibido una opini\u00f3n favorable del Comit\u00e9 Nacional de Ciencia y Tecnolog\u00eda e Inn ovaci\u00f3n en Salud del Consejo Nacional de Ciencia y Tecnolog\u00eda (Conacyt), el 26 de noviembre de 2021.<\/p>\n\n\n\n<p>Posteriormente, el\u00a0Comit\u00e9 de Mol\u00e9culas Nuevas (CMN)\u00a0sesion\u00f3 el pasado 9 de septiembre sobre el uso de este biol\u00f3gico, el cual recibi\u00f3 una opini\u00f3n t\u00e9cnica favorable por parte de las y los expertos.<\/p>\n\n\n\n<figure class=\"wp-block-embed aligncenter is-type-rich is-provider-twitter wp-block-embed-twitter\"><div class=\"wp-block-embed__wrapper\">\n<blockquote class=\"twitter-tweet\" data-width=\"550\" data-dnt=\"true\"><p lang=\"es\" dir=\"ltr\">Cofepris emite autorizaci\u00f3n para uso de emergencia de vacuna &#13;Soberana, ampliando el esquema de vacunaci\u00f3n contra <a href=\"https:\/\/twitter.com\/hashtag\/COVID19?src=hash&amp;ref_src=twsrc%5Etfw\">#COVID19<\/a> en pa\u00edses de la regi\u00f3n<a href=\"https:\/\/t.co\/5MFMLnDu6j\">https:\/\/t.co\/5MFMLnDu6j<\/a> <a href=\"https:\/\/t.co\/d0B0FImN5p\">pic.twitter.com\/d0B0FImN5p<\/a><\/p>&mdash; COFEPRIS (@COFEPRIS) <a href=\"https:\/\/twitter.com\/COFEPRIS\/status\/1594108226110373888?ref_src=twsrc%5Etfw\">November 19, 2022<\/a><\/blockquote><script async src=\"https:\/\/platform.twitter.com\/widgets.js\" charset=\"utf-8\"><\/script>\n<\/div><\/figure>\n\n\n\n<h4 class=\"wp-block-heading\">Las vacunas COVID de Cuba en M\u00e9xico<\/h4>\n\n\n\n<p>Soberana, que fue presentada ante el comit\u00e9 por Neuronic Mexicana y el Instituto Finlay de Vacunas, es la\u00a0segunda vacuna COVID\u00a0de origen latinoamericano analizada por la Cofepris despu\u00e9s de Abdala, dise\u00f1ada tambi\u00e9n por Cuba.<\/p>\n\n\n\n<p>En septiembre pasado,\u00a0Hugo L\u00f3pez-Gatell, subsecretario de Salud,\u00a0anunci\u00f3 que el Gobierno de M\u00e9xico hab\u00eda acordado la compra de 9 millones de dosis de la vacuna Abdala que ser\u00e1n usadas para proteger contra el COVID-19 a ni\u00f1os de entre 5 y 11 a\u00f1os.<\/p>\n\n\n\n<blockquote class=\"wp-block-quote is-layout-flow wp-block-quote-is-layout-flow\"><p>\u201c<em>Tenemos ya el contrato con el Gobierno de Cuba y su compa\u00f1\u00eda de biotecnolog\u00eda para el biol\u00f3gico, con 9 millones de dosis porque\u00a0<a href=\"https:\/\/www.elfinanciero.com.mx\/salud\/2021\/12\/29\/vacuna-cubana-abdala-cuantas-dosis-son-que-tan-efectiva-es-y-sus-posibles-reacciones\/\">la vacuna Abdala tiene un esquema de un esquema de tres dosis,\u00a0<\/a>ser\u00e1n suficientes para 3 millones de ni\u00f1as y ni\u00f1os<\/em>\u201d, declar\u00f3.<\/p><\/blockquote>\n\n\n\n<p>El \u2018visto bueno\u2019 del Comit\u00e9 de Mol\u00e9culas nuevas es un paso m\u00e1s hacia la aprobaci\u00f3n de uso de emergencia de la vacuna Soberana, un tr\u00e1mite que puede tomar semanas o meses. Como ejemplo, el comit\u00e9 aval\u00f3 la vacuna Abdala en agosto de 2021 y el aval de uso de emergencia se dio hasta cuatro meses despu\u00e9s.<\/p>\n\n\n\n<blockquote class=\"wp-block-quote is-layout-flow wp-block-quote-is-layout-flow\"><p>\u201c<em>El CMN es un \u00f3rgano auxiliar de consulta que forma parte de agencia reguladora; emite opiniones no vinculantes sobre medicamentos e insumos para la salud, bas\u00e1ndose en la evidencia cient\u00edfica y m\u00e9dica presentada<\/em>\u201d, a\u00f1adi\u00f3 la comisi\u00f3n.<\/p><\/blockquote>\n","protected":false},"excerpt":{"rendered":"<p>La\u00a0vacuna cubana contra el COVID-19, Soberana,\u00a0fue aprobada para uso de emergencia por la\u00a0Comisi\u00f3n Federal para la Protecci\u00f3n contra Riesgos Sanitarios (Cofepris)\u00a0este s\u00e1bado 19 de noviembre. En un comunicado, la Cofepris record\u00f3 que esta dosis hab\u00eda recibido una opini\u00f3n favorable del Comit\u00e9 Nacional de Ciencia y Tecnolog\u00eda e Inn ovaci\u00f3n en Salud del Consejo Nacional de [&hellip;]<\/p>\n","protected":false},"author":8,"featured_media":83256,"comment_status":"open","ping_status":"open","sticky":false,"template":"","format":"standard","meta":{"_monsterinsights_skip_tracking":false,"_monsterinsights_sitenote_active":false,"_monsterinsights_sitenote_note":"","_monsterinsights_sitenote_category":0,"footnotes":""},"categories":[157],"tags":[175,162,21180,217],"class_list":["post-83255","post","type-post","status-publish","format-standard","has-post-thumbnail","hentry","category-nacional","tag-covid-19","tag-portada","tag-soberana","tag-vacuna","wp-image-borders"],"amp_enabled":true,"_links":{"self":[{"href":"https:\/\/nvnoticias.mx\/index.php\/wp-json\/wp\/v2\/posts\/83255","targetHints":{"allow":["GET"]}}],"collection":[{"href":"https:\/\/nvnoticias.mx\/index.php\/wp-json\/wp\/v2\/posts"}],"about":[{"href":"https:\/\/nvnoticias.mx\/index.php\/wp-json\/wp\/v2\/types\/post"}],"author":[{"embeddable":true,"href":"https:\/\/nvnoticias.mx\/index.php\/wp-json\/wp\/v2\/users\/8"}],"replies":[{"embeddable":true,"href":"https:\/\/nvnoticias.mx\/index.php\/wp-json\/wp\/v2\/comments?post=83255"}],"version-history":[{"count":1,"href":"https:\/\/nvnoticias.mx\/index.php\/wp-json\/wp\/v2\/posts\/83255\/revisions"}],"predecessor-version":[{"id":83257,"href":"https:\/\/nvnoticias.mx\/index.php\/wp-json\/wp\/v2\/posts\/83255\/revisions\/83257"}],"wp:featuredmedia":[{"embeddable":true,"href":"https:\/\/nvnoticias.mx\/index.php\/wp-json\/wp\/v2\/media\/83256"}],"wp:attachment":[{"href":"https:\/\/nvnoticias.mx\/index.php\/wp-json\/wp\/v2\/media?parent=83255"}],"wp:term":[{"taxonomy":"category","embeddable":true,"href":"https:\/\/nvnoticias.mx\/index.php\/wp-json\/wp\/v2\/categories?post=83255"},{"taxonomy":"post_tag","embeddable":true,"href":"https:\/\/nvnoticias.mx\/index.php\/wp-json\/wp\/v2\/tags?post=83255"}],"curies":[{"name":"wp","href":"https:\/\/api.w.org\/{rel}","templated":true}]}}