{"id":83170,"date":"2022-11-18T20:40:51","date_gmt":"2022-11-19T02:40:51","guid":{"rendered":"https:\/\/nvnoticias.mx\/?p=83170"},"modified":"2022-11-18T20:40:51","modified_gmt":"2022-11-19T02:40:51","slug":"la-uv-espera-aumento-de-4-por-ciento-al-presupuesto-2023","status":"publish","type":"post","link":"https:\/\/nvnoticias.mx\/index.php\/2022\/11\/18\/la-uv-espera-aumento-de-4-por-ciento-al-presupuesto-2023\/","title":{"rendered":"La UV espera aumento de 4 por ciento al presupuesto 2023"},"content":{"rendered":"\n<p><strong>Jes\u00fas Utrilla | NV Noticias<\/strong><\/p>\n\n\n\n<p>La Universidad Veracruzana espera que el Congreso del Estado cumpla con la ampliaci\u00f3n al presupuesto de la instituci\u00f3n.<\/p>\n\n\n\n<p>El rector de la UV, Mart\u00edn Aguilar, dijo que para el ejercicio fiscal 2023 les corresponde una ampliaci\u00f3n del presupuesto de al menos 4 por cierto.<\/p>\n\n\n\n<blockquote class=\"wp-block-quote is-layout-flow wp-block-quote-is-layout-flow\"><p>&#8220;En 2017 se plante\u00f3 a nivel constitucional del Estado de Veracruz el presupuesto para la universidad del 4 por ciento que ser\u00eda gradual.&#8221;<\/p><\/blockquote>\n\n\n\n<blockquote class=\"wp-block-quote is-layout-flow wp-block-quote-is-layout-flow\"><p>&#8220;En el 2020 hay una reforma que plantea que todos los \u00f3rganos aut\u00f3nomos van a tener el 4 por ciento pero de libre disposici\u00f3n y despu\u00e9s hay otra transitoria d\u00f3nde se plantea que la Universidad Veracruzana no queda dentro de esos \u00f3rganos aut\u00f3nomos y va a tener el 4 por ciento general con algunos elementos&#8221;.<\/p><\/blockquote>\n\n\n\n<p>Aguilar se\u00f1al\u00f3 que necesitan el recurso para enfrentar algunos de los desaf\u00edos de la instituci\u00f3n e inclusive la misma poblaci\u00f3n estudiantil.<\/p>\n\n\n\n<p>No solo es para cubrir las necesidades b\u00e1sicas, sino para sostener proyectos y crecer la matr\u00edcula escolar.<\/p>\n","protected":false},"excerpt":{"rendered":"<p>Jes\u00fas Utrilla | NV Noticias La Universidad Veracruzana espera que el Congreso del Estado cumpla con la ampliaci\u00f3n al presupuesto de la instituci\u00f3n. El rector de la UV, Mart\u00edn Aguilar, dijo que para el ejercicio fiscal 2023 les corresponde una ampliaci\u00f3n del presupuesto de al menos 4 por cierto. &#8220;En 2017 se plante\u00f3 a nivel [&hellip;]<\/p>\n","protected":false},"author":7,"featured_media":58784,"comment_status":"open","ping_status":"open","sticky":false,"template":"","format":"standard","meta":{"_monsterinsights_skip_tracking":false,"_monsterinsights_sitenote_active":false,"_monsterinsights_sitenote_note":"","_monsterinsights_sitenote_category":0,"footnotes":""},"categories":[154],"tags":[3109,831,1107,1164],"class_list":["post-83170","post","type-post","status-publish","format-standard","has-post-thumbnail","hentry","category-veracruz","tag-aumento","tag-presupuesto","tag-universidad-veracruzana","tag-uv","wp-image-borders"],"amp_enabled":true,"_links":{"self":[{"href":"https:\/\/nvnoticias.mx\/index.php\/wp-json\/wp\/v2\/posts\/83170","targetHints":{"allow":["GET"]}}],"collection":[{"href":"https:\/\/nvnoticias.mx\/index.php\/wp-json\/wp\/v2\/posts"}],"about":[{"href":"https:\/\/nvnoticias.mx\/index.php\/wp-json\/wp\/v2\/types\/post"}],"author":[{"embeddable":true,"href":"https:\/\/nvnoticias.mx\/index.php\/wp-json\/wp\/v2\/users\/7"}],"replies":[{"embeddable":true,"href":"https:\/\/nvnoticias.mx\/index.php\/wp-json\/wp\/v2\/comments?post=83170"}],"version-history":[{"count":1,"href":"https:\/\/nvnoticias.mx\/index.php\/wp-json\/wp\/v2\/posts\/83170\/revisions"}],"predecessor-version":[{"id":83171,"href":"https:\/\/nvnoticias.mx\/index.php\/wp-json\/wp\/v2\/posts\/83170\/revisions\/83171"}],"wp:featuredmedia":[{"embeddable":true,"href":"https:\/\/nvnoticias.mx\/index.php\/wp-json\/wp\/v2\/media\/58784"}],"wp:attachment":[{"href":"https:\/\/nvnoticias.mx\/index.php\/wp-json\/wp\/v2\/media?parent=83170"}],"wp:term":[{"taxonomy":"category","embeddable":true,"href":"https:\/\/nvnoticias.mx\/index.php\/wp-json\/wp\/v2\/categories?post=83170"},{"taxonomy":"post_tag","embeddable":true,"href":"https:\/\/nvnoticias.mx\/index.php\/wp-json\/wp\/v2\/tags?post=83170"}],"curies":[{"name":"wp","href":"https:\/\/api.w.org\/{rel}","templated":true}]}}