{"id":8312,"date":"2021-03-19T21:01:27","date_gmt":"2021-03-20T03:01:27","guid":{"rendered":"https:\/\/nvnoticias.mx\/?p=8312"},"modified":"2021-03-19T21:01:28","modified_gmt":"2021-03-20T03:01:28","slug":"st-reconoce-legalidad-del-sindicato-ferrocarrilero","status":"publish","type":"post","link":"https:\/\/nvnoticias.mx\/index.php\/2021\/03\/19\/st-reconoce-legalidad-del-sindicato-ferrocarrilero\/","title":{"rendered":"Secretar\u00eda del Trabajo reconoce  legalidad del Sindicato Ferrocarrilero"},"content":{"rendered":"\n<p><strong>Jes\u00fas Utrilla \/ NV Noticias<\/strong><\/p>\n\n\n\n<p>Veracruz.- La Secretar\u00eda del Trabajo Federal respondi\u00f3 esta noche a los cuestionamientos con respecto a la situaci\u00f3n del Sindicato Ferrocarrilero.<\/p>\n\n\n\n<p>Reconoci\u00f3 al Sindicato de Trabajadores Ferrocarrileros de la Rep\u00fablica Mexicana como el \u00fanico organismo legalmente constituido para representar a los trabajadores en activo y jubilados del sistema ferroviario nacional, as\u00ed como el liderazgo, con base a las leyes vigentes y a la autonom\u00eda sindical, de Victor Felix Flores Morales.<\/p>\n\n\n\n<p>Adem\u00e1s, se establece que en torno a los presuntos procesos legales en contra de este organismo obrero, se llevan a cabo las diligencias correspondientes con estricto apego de derecho por lo que no se pueden hacer juicios a priori sobre dicha situaci\u00f3n ni pronunciamiento alguno ante el riesgo de afectar el debido proceso.<\/p>\n\n\n\n<p>Por su parte, el Sindicato de Trabajadores Ferrocarrileros de la Rep\u00fablica Mexicana precisa hacer las siguientes consideraciones en torno a las preguntas realizadas:<\/p>\n\n\n\n<p>1.- Nuestra organizaci\u00f3n sindical siempre ha cumplido con los requisitos legales y estatutarios, es por ello que contamos con la toma de nota vigente para el periodo \u202a2018-2024\u202c, en donde consta que nuestro \u00fanico l\u00edder nacional con representaci\u00f3n legal es \u00e9l Como. Victor Flores Morales.<\/p>\n\n\n\n<p>2.- contamos con la toma de nota del a\u00f1o 2020 de reforma a los estatutos apegado a lo establecido en la reforma laboral, aclarando que el voto personal, libre, directo y secreto lo tenemos en nuestros estatutos desde la entrada del Co. Victor Flores Morales como Secretario Nacional, y lo cual ha sido avalado en cada una de las elecciones por los Inspectores de la propia Secretar\u00eda del Trabajo. As\u00ed mismo, la rendici\u00f3n de cuentas siempre se ha realizado de conformidad con nuestros Estatutos Sindicales aprobados por un Delegado electo bajo los mismos principios democr\u00e1ticos de voto personal, libre, directo y secreto.<\/p>\n\n\n\n<p>3.- La infundada demanda de nulidad presentada en contra de la actuaci\u00f3n del Comit\u00e9 Nacional Electoral, \u00f3rgano encargado de llevar a cabo los procesos electorales, ahora contemplado por la reforma laboral pero en funciones previas a la misma obligatoriedad de la reforma laboral, se ha estado llevando de forma directa por la Direccion Legal del Sindicato, aportando los elementos que demuestra la legalidad de nuestros procesos internos.<\/p>\n\n\n\n<p>4.- Respecto a la Legitimaci\u00f3n de los Contratos Colectivos de Trabajo estamos en proceso de llevarlos a cabo cumpliendo con los lineamientos que establecen las autoridades laborales a\u00fan cuando tenemos legalmente hasta antes de mayo del a\u00f1o 2023 para realizarlo.<\/p>\n\n\n\n<p>Como queda de manifiesto nuestro sindicato es el \u00fanico sindicato en materia ferrocarrilera con vida y verdadera representaci\u00f3n de los trabajadores ferrocarrileros del pa\u00eds, y con nuestro \u00fanico l\u00edder y representante legal Victor Flores Morales.<\/p>\n\n\n\n<figure class=\"wp-block-image size-large\"><img loading=\"lazy\" decoding=\"async\" width=\"719\" height=\"912\" src=\"https:\/\/nvnoticias.mx\/wp-content\/uploads\/2021\/03\/20210319_203347_778.jpeg\" alt=\"\" class=\"wp-image-8313\" srcset=\"https:\/\/nvnoticias.mx\/wp-content\/uploads\/2021\/03\/20210319_203347_778.jpeg 719w, https:\/\/nvnoticias.mx\/wp-content\/uploads\/2021\/03\/20210319_203347_778-237x300.jpeg 237w\" sizes=\"auto, (max-width: 719px) 100vw, 719px\" \/><\/figure>\n","protected":false},"excerpt":{"rendered":"<p>Jes\u00fas Utrilla \/ NV Noticias Veracruz.- La Secretar\u00eda del Trabajo Federal respondi\u00f3 esta noche a los cuestionamientos con respecto a la situaci\u00f3n del Sindicato Ferrocarrilero. Reconoci\u00f3 al Sindicato de Trabajadores Ferrocarrileros de la Rep\u00fablica Mexicana como el \u00fanico organismo legalmente constituido para representar a los trabajadores en activo y jubilados del sistema ferroviario nacional, as\u00ed [&hellip;]<\/p>\n","protected":false},"author":6,"featured_media":8315,"comment_status":"open","ping_status":"open","sticky":false,"template":"","format":"standard","meta":{"_monsterinsights_skip_tracking":false,"_monsterinsights_sitenote_active":false,"_monsterinsights_sitenote_note":"","_monsterinsights_sitenote_category":0,"footnotes":""},"categories":[154],"tags":[2412,2410,2411],"class_list":["post-8312","post","type-post","status-publish","format-standard","has-post-thumbnail","hentry","category-veracruz","tag-ferrocarrilero","tag-secretaria-del-trabajo","tag-sindicato","wp-image-borders"],"amp_enabled":true,"_links":{"self":[{"href":"https:\/\/nvnoticias.mx\/index.php\/wp-json\/wp\/v2\/posts\/8312","targetHints":{"allow":["GET"]}}],"collection":[{"href":"https:\/\/nvnoticias.mx\/index.php\/wp-json\/wp\/v2\/posts"}],"about":[{"href":"https:\/\/nvnoticias.mx\/index.php\/wp-json\/wp\/v2\/types\/post"}],"author":[{"embeddable":true,"href":"https:\/\/nvnoticias.mx\/index.php\/wp-json\/wp\/v2\/users\/6"}],"replies":[{"embeddable":true,"href":"https:\/\/nvnoticias.mx\/index.php\/wp-json\/wp\/v2\/comments?post=8312"}],"version-history":[{"count":1,"href":"https:\/\/nvnoticias.mx\/index.php\/wp-json\/wp\/v2\/posts\/8312\/revisions"}],"predecessor-version":[{"id":8314,"href":"https:\/\/nvnoticias.mx\/index.php\/wp-json\/wp\/v2\/posts\/8312\/revisions\/8314"}],"wp:featuredmedia":[{"embeddable":true,"href":"https:\/\/nvnoticias.mx\/index.php\/wp-json\/wp\/v2\/media\/8315"}],"wp:attachment":[{"href":"https:\/\/nvnoticias.mx\/index.php\/wp-json\/wp\/v2\/media?parent=8312"}],"wp:term":[{"taxonomy":"category","embeddable":true,"href":"https:\/\/nvnoticias.mx\/index.php\/wp-json\/wp\/v2\/categories?post=8312"},{"taxonomy":"post_tag","embeddable":true,"href":"https:\/\/nvnoticias.mx\/index.php\/wp-json\/wp\/v2\/tags?post=8312"}],"curies":[{"name":"wp","href":"https:\/\/api.w.org\/{rel}","templated":true}]}}