{"id":83089,"date":"2022-11-18T11:06:02","date_gmt":"2022-11-18T17:06:02","guid":{"rendered":"https:\/\/nvnoticias.mx\/?p=83089"},"modified":"2022-11-18T11:06:03","modified_gmt":"2022-11-18T17:06:03","slug":"no-asistira-monreal-a-marcha-de-amlo","status":"publish","type":"post","link":"https:\/\/nvnoticias.mx\/index.php\/2022\/11\/18\/no-asistira-monreal-a-marcha-de-amlo\/","title":{"rendered":"No asistir\u00e1 Monreal a marcha de AMLO"},"content":{"rendered":"\n<p>Ricardo Monreal, coordinador de Morena en el Senado, no asistir\u00e1 a la marcha convocada por el presidente Andr\u00e9s Manuel L\u00f3pez Obrador porque viajar\u00e1 a Espa\u00f1a, donde se realizar\u00e1 una reuni\u00f3n interparlamentaria. <\/p>\n\n\n\n<p>En la reuni\u00f3n interparlamentaria, cuya XVI edici\u00f3n tendr\u00e1 lugar del 27 al 29 de noviembre en Madrid, se abordar\u00e1 la entrada en vigor del Acuerdo de Asociaci\u00f3n Econ\u00f3mica, Concertaci\u00f3n Pol\u00edtica y Cooperaci\u00f3n entre M\u00e9xico y la Uni\u00f3n Europea, Acuerdo Global, modernizado. <\/p>\n\n\n\n<p>El presidente de la Junta de Coordinaci\u00f3n Pol\u00edtica, Ricardo Monreal \u00c1vila, convers\u00f3 la semana pasada con el embajador de Espa\u00f1a en M\u00e9xico, Juan Duarte Cuadrado, sobre la XVI Reuni\u00f3n Interparlamentaria que se llevar\u00e1 a cabo en ese pa\u00eds europeo \u201cy para la que estamos concertando un encuentro bilateral de alto nivel\u201d. <\/p>\n\n\n\n<p>Fuente: <a href=\"https:\/\/www.milenio.com\/politica\/monreal-asistira-marcha-amlo-viajara-reunion-espana\" data-type=\"URL\" data-id=\"https:\/\/www.milenio.com\/politica\/monreal-asistira-marcha-amlo-viajara-reunion-espana\">Milenio<\/a><\/p>\n","protected":false},"excerpt":{"rendered":"<p>Ricardo Monreal, coordinador de Morena en el Senado, no asistir\u00e1 a la marcha convocada por el presidente Andr\u00e9s Manuel L\u00f3pez Obrador porque viajar\u00e1 a Espa\u00f1a, donde se realizar\u00e1 una reuni\u00f3n interparlamentaria. En la reuni\u00f3n interparlamentaria, cuya XVI edici\u00f3n tendr\u00e1 lugar del 27 al 29 de noviembre en Madrid, se abordar\u00e1 la entrada en vigor del [&hellip;]<\/p>\n","protected":false},"author":35,"featured_media":73656,"comment_status":"open","ping_status":"open","sticky":false,"template":"","format":"standard","meta":{"_monsterinsights_skip_tracking":false,"_monsterinsights_sitenote_active":false,"_monsterinsights_sitenote_note":"","_monsterinsights_sitenote_category":0,"footnotes":""},"categories":[158],"tags":[188,1507,21154,600],"class_list":["post-83089","post","type-post","status-publish","format-standard","has-post-thumbnail","hentry","category-politica","tag-amlo","tag-marcha","tag-no-asistira","tag-ricardo-monreal","wp-image-borders"],"amp_enabled":true,"_links":{"self":[{"href":"https:\/\/nvnoticias.mx\/index.php\/wp-json\/wp\/v2\/posts\/83089","targetHints":{"allow":["GET"]}}],"collection":[{"href":"https:\/\/nvnoticias.mx\/index.php\/wp-json\/wp\/v2\/posts"}],"about":[{"href":"https:\/\/nvnoticias.mx\/index.php\/wp-json\/wp\/v2\/types\/post"}],"author":[{"embeddable":true,"href":"https:\/\/nvnoticias.mx\/index.php\/wp-json\/wp\/v2\/users\/35"}],"replies":[{"embeddable":true,"href":"https:\/\/nvnoticias.mx\/index.php\/wp-json\/wp\/v2\/comments?post=83089"}],"version-history":[{"count":1,"href":"https:\/\/nvnoticias.mx\/index.php\/wp-json\/wp\/v2\/posts\/83089\/revisions"}],"predecessor-version":[{"id":83091,"href":"https:\/\/nvnoticias.mx\/index.php\/wp-json\/wp\/v2\/posts\/83089\/revisions\/83091"}],"wp:featuredmedia":[{"embeddable":true,"href":"https:\/\/nvnoticias.mx\/index.php\/wp-json\/wp\/v2\/media\/73656"}],"wp:attachment":[{"href":"https:\/\/nvnoticias.mx\/index.php\/wp-json\/wp\/v2\/media?parent=83089"}],"wp:term":[{"taxonomy":"category","embeddable":true,"href":"https:\/\/nvnoticias.mx\/index.php\/wp-json\/wp\/v2\/categories?post=83089"},{"taxonomy":"post_tag","embeddable":true,"href":"https:\/\/nvnoticias.mx\/index.php\/wp-json\/wp\/v2\/tags?post=83089"}],"curies":[{"name":"wp","href":"https:\/\/api.w.org\/{rel}","templated":true}]}}