{"id":82990,"date":"2022-11-17T14:52:08","date_gmt":"2022-11-17T20:52:08","guid":{"rendered":"https:\/\/nvnoticias.mx\/?p=82990"},"modified":"2022-11-17T14:52:09","modified_gmt":"2022-11-17T20:52:09","slug":"da-unam-doctorado-honoris-causa-a-guillermo-del-toro","status":"publish","type":"post","link":"https:\/\/nvnoticias.mx\/index.php\/2022\/11\/17\/da-unam-doctorado-honoris-causa-a-guillermo-del-toro\/","title":{"rendered":"Da UNAM doctorado \u2018honoris causa\u2019 a Guillermo del Toro"},"content":{"rendered":"\n<p>El cineasta Guillermo del Toro recibi\u00f3 el doctorado&nbsp;<em>honoris causa&nbsp;<\/em>de la Universidad Nacional Aut\u00f3noma de M\u00e9xico (UNAM) por su trayectoria y aportaci\u00f3n al s\u00e9ptimo arte y su desarrollo en M\u00e9xico.<\/p>\n\n\n\n<p>La filmograf\u00eda de Del Toro como director incluye 11 largometrajes hasta 2021. Actualmente, en fase de posproducci\u00f3n y v\u00edsperas de estreno se encuentra su pel\u00edcula Pinocchio (2022).<\/p>\n\n\n\n<p>Del Toro tambi\u00e9n ha sido productor de diversas cintas, entre las que se cuentan El orfanato (2007), dirigida por J.A. Bayona. En 2019, estren\u00f3 como productor y guionista de \u201cHistorias de miedo para contar en la obscuridad\u201d, filme bajo la direcci\u00f3n de Andr\u00e9 Overdal.<\/p>\n\n\n\n<p>Un a\u00f1o despu\u00e9s produjo junto a Robert Zemeckis la pel\u00edcula \u201cLas brujas\u201d (2020), adaptaci\u00f3n de un libro de Ronald Dahl. En 2021 estren\u00f3, tambi\u00e9n como productor, otra de animaci\u00f3n (Dreamworks) \u201cTrollhunters: el ascenso de los titanes\u201d, filme basado en su propio libro de 2015, que escribi\u00f3 junto con Daniel Kraus.<\/p>\n\n\n\n<p>La ceremonia de investidura se llev\u00f3 a cabo esta ma\u00f1ana en el Palacio de Miner\u00eda de la UNAM y aunque Del Toro no pudo asistir personalmente, en un video agradeci\u00f3 el reconocimiento y afirm\u00f3 que en su cine siempre estar\u00e1 presente M\u00e9xico.<\/p>\n\n\n\n<blockquote class=\"wp-block-quote is-layout-flow wp-block-quote-is-layout-flow\"><p>\u201cEs un honor singular. Pienso que es importante como mexicano viajar a espacios creativos que son mundiales, pero recordar siempre que las ra\u00edces nunca va a dejar de estar en M\u00e9xico\u201d, sostuvo.<\/p><\/blockquote>\n\n\n\n<blockquote class=\"wp-block-quote is-layout-flow wp-block-quote-is-layout-flow\"><p>\u201cEso es lo que hace este momento conmovedor y personal porque viene de una universidad que ha ido de la mano de la m\u00e1s profunda vida cultural en M\u00e9xico\u201d.<\/p><\/blockquote>\n\n\n\n<p>Guillermo del Toro obtuvo reconocimiento internacional como director, escritor y productor del drama de fantas\u00eda de 2006 \u201cEl laberinto del fauno\u201d, por el que fue honrado con una nominaci\u00f3n al Oscar al mejor guion. La pel\u00edcula gan\u00f3 los premios de la Academia en Direcci\u00f3n de Arte, Cinematograf\u00eda y Maquillaje. En total, el filme obtuvo m\u00e1s de 40 reconocimientos internacionales y apareci\u00f3 en m\u00e1s de 35 listas de cr\u00edticos de las mejores pel\u00edculas del a\u00f1o.<\/p>\n\n\n\n<p>En 2017, el cuento de hadas contempor\u00e1neo de Del Toro \u201cLa forma del agua\u201d gan\u00f3 el prestigioso Le\u00f3n de Oro a la mejor pel\u00edcula en el Festival Internacional de Cine de Venecia, junto con cuatro premios de la Academia, incluyendo mejor pel\u00edcula, mejor director, mejor dise\u00f1o de producci\u00f3n y mejor partitura, junto con los BAFTA (British Academy Film Awards) al mejor director y al mejor dise\u00f1o de producci\u00f3n.<\/p>\n\n\n\n<p>Fuente: <a href=\"https:\/\/www.forbes.com.mx\/unam-da-doctorado-honoris-causa-a-guillermo-del-toro\/\" data-type=\"URL\" data-id=\"https:\/\/www.forbes.com.mx\/unam-da-doctorado-honoris-causa-a-guillermo-del-toro\/\">Forbes<\/a><\/p>\n","protected":false},"excerpt":{"rendered":"<p>El cineasta Guillermo del Toro recibi\u00f3 el doctorado&nbsp;honoris causa&nbsp;de la Universidad Nacional Aut\u00f3noma de M\u00e9xico (UNAM) por su trayectoria y aportaci\u00f3n al s\u00e9ptimo arte y su desarrollo en M\u00e9xico. La filmograf\u00eda de Del Toro como director incluye 11 largometrajes hasta 2021. Actualmente, en fase de posproducci\u00f3n y v\u00edsperas de estreno se encuentra su pel\u00edcula Pinocchio [&hellip;]<\/p>\n","protected":false},"author":35,"featured_media":80192,"comment_status":"open","ping_status":"open","sticky":false,"template":"","format":"standard","meta":{"_monsterinsights_skip_tracking":false,"_monsterinsights_sitenote_active":false,"_monsterinsights_sitenote_note":"","_monsterinsights_sitenote_category":0,"footnotes":""},"categories":[576],"tags":[5328,4079,8767,1889],"class_list":["post-82990","post","type-post","status-publish","format-standard","has-post-thumbnail","hentry","category-ocio","tag-doctorado","tag-doctorado-honoris-causa","tag-guillermo-del-toro","tag-unam","wp-image-borders"],"amp_enabled":true,"_links":{"self":[{"href":"https:\/\/nvnoticias.mx\/index.php\/wp-json\/wp\/v2\/posts\/82990","targetHints":{"allow":["GET"]}}],"collection":[{"href":"https:\/\/nvnoticias.mx\/index.php\/wp-json\/wp\/v2\/posts"}],"about":[{"href":"https:\/\/nvnoticias.mx\/index.php\/wp-json\/wp\/v2\/types\/post"}],"author":[{"embeddable":true,"href":"https:\/\/nvnoticias.mx\/index.php\/wp-json\/wp\/v2\/users\/35"}],"replies":[{"embeddable":true,"href":"https:\/\/nvnoticias.mx\/index.php\/wp-json\/wp\/v2\/comments?post=82990"}],"version-history":[{"count":1,"href":"https:\/\/nvnoticias.mx\/index.php\/wp-json\/wp\/v2\/posts\/82990\/revisions"}],"predecessor-version":[{"id":82991,"href":"https:\/\/nvnoticias.mx\/index.php\/wp-json\/wp\/v2\/posts\/82990\/revisions\/82991"}],"wp:featuredmedia":[{"embeddable":true,"href":"https:\/\/nvnoticias.mx\/index.php\/wp-json\/wp\/v2\/media\/80192"}],"wp:attachment":[{"href":"https:\/\/nvnoticias.mx\/index.php\/wp-json\/wp\/v2\/media?parent=82990"}],"wp:term":[{"taxonomy":"category","embeddable":true,"href":"https:\/\/nvnoticias.mx\/index.php\/wp-json\/wp\/v2\/categories?post=82990"},{"taxonomy":"post_tag","embeddable":true,"href":"https:\/\/nvnoticias.mx\/index.php\/wp-json\/wp\/v2\/tags?post=82990"}],"curies":[{"name":"wp","href":"https:\/\/api.w.org\/{rel}","templated":true}]}}