{"id":82873,"date":"2022-11-16T17:21:48","date_gmt":"2022-11-16T23:21:48","guid":{"rendered":"https:\/\/nvnoticias.mx\/?p=82873"},"modified":"2022-11-16T17:21:49","modified_gmt":"2022-11-16T23:21:49","slug":"monreal-anuncia-que-asistira-a-marcha-convocada-por-amlo","status":"publish","type":"post","link":"https:\/\/nvnoticias.mx\/index.php\/2022\/11\/16\/monreal-anuncia-que-asistira-a-marcha-convocada-por-amlo\/","title":{"rendered":"Monreal anuncia que asistir\u00e1 a marcha convocada por AMLO"},"content":{"rendered":"\n<p>Al anunciar que asistir\u00e1 a la marcha convocada por el presidente Andr\u00e9s Manuel L\u00f3pez Obrador el pr\u00f3ximo 27 de noviembre, el coordinador de Morena en el Senado, Ricardo Monreal, dijo que mientras pertenezca al partido ser\u00e1 solidario con el principal l\u00edder social y con el jefe de Estado. <\/p>\n\n\n\n<p>En entrevista, el presidente de la Junta de Coordinaci\u00f3n Pol\u00edtica consider\u00f3 que el Ejecutivo est\u00e1 en su derecho de convocar a una movilizaci\u00f3n \u201cy debemos respetar, sin olvidar que es jefe de Estado de todos los mexicanos y mexicanos\u201d. <\/p>\n\n\n\n<p>El senador Monreal dijo que es leg\u00edtimo que L\u00f3pez Obrador llame a una marcha del \u00c1ngel de la Independencia al Z\u00f3calo de la Ciudad de M\u00e9xico. <\/p>\n\n\n\n<p>Record\u00f3 que ning\u00fan presidente mexicano ha encabezado una marcha as\u00ed, \u201cporque seguramente va a ser multitudinaria, se los aseguro, no de 300 ni de 400, yo creo que va a ser una marcha de millones, porque adem\u00e1s ahora Morena gobierna entidades federativas que nunca lo hizo, al menos los senadores de Morena lo acompa\u00f1aremos sin protagonismo, porque es expresar nuestra solidaridad y nuestra convicci\u00f3n de lo que hicimos en el 2018 lo seguimos respaldando\u201d. <\/p>\n\n\n\n<p>Monreal dijo que no sabe si el primer mandatario sale a las calles para medir fuerzas, tras la marcha del domingo pasado en defensa del INE. <\/p>\n\n\n\n<p>Fuente: <a href=\"https:\/\/www.milenio.com\/politica\/monreal-anuncia-asistira-marcha-convocada-amlo\">Milenio<\/a><\/p>\n","protected":false},"excerpt":{"rendered":"<p>Al anunciar que asistir\u00e1 a la marcha convocada por el presidente Andr\u00e9s Manuel L\u00f3pez Obrador el pr\u00f3ximo 27 de noviembre, el coordinador de Morena en el Senado, Ricardo Monreal, dijo que mientras pertenezca al partido ser\u00e1 solidario con el principal l\u00edder social y con el jefe de Estado. En entrevista, el presidente de la Junta [&hellip;]<\/p>\n","protected":false},"author":8,"featured_media":82874,"comment_status":"open","ping_status":"open","sticky":false,"template":"","format":"standard","meta":{"_monsterinsights_skip_tracking":false,"_monsterinsights_sitenote_active":false,"_monsterinsights_sitenote_note":"","_monsterinsights_sitenote_category":0,"footnotes":""},"categories":[158],"tags":[188,1507,600],"class_list":["post-82873","post","type-post","status-publish","format-standard","has-post-thumbnail","hentry","category-politica","tag-amlo","tag-marcha","tag-ricardo-monreal","wp-image-borders"],"amp_enabled":true,"_links":{"self":[{"href":"https:\/\/nvnoticias.mx\/index.php\/wp-json\/wp\/v2\/posts\/82873","targetHints":{"allow":["GET"]}}],"collection":[{"href":"https:\/\/nvnoticias.mx\/index.php\/wp-json\/wp\/v2\/posts"}],"about":[{"href":"https:\/\/nvnoticias.mx\/index.php\/wp-json\/wp\/v2\/types\/post"}],"author":[{"embeddable":true,"href":"https:\/\/nvnoticias.mx\/index.php\/wp-json\/wp\/v2\/users\/8"}],"replies":[{"embeddable":true,"href":"https:\/\/nvnoticias.mx\/index.php\/wp-json\/wp\/v2\/comments?post=82873"}],"version-history":[{"count":1,"href":"https:\/\/nvnoticias.mx\/index.php\/wp-json\/wp\/v2\/posts\/82873\/revisions"}],"predecessor-version":[{"id":82875,"href":"https:\/\/nvnoticias.mx\/index.php\/wp-json\/wp\/v2\/posts\/82873\/revisions\/82875"}],"wp:featuredmedia":[{"embeddable":true,"href":"https:\/\/nvnoticias.mx\/index.php\/wp-json\/wp\/v2\/media\/82874"}],"wp:attachment":[{"href":"https:\/\/nvnoticias.mx\/index.php\/wp-json\/wp\/v2\/media?parent=82873"}],"wp:term":[{"taxonomy":"category","embeddable":true,"href":"https:\/\/nvnoticias.mx\/index.php\/wp-json\/wp\/v2\/categories?post=82873"},{"taxonomy":"post_tag","embeddable":true,"href":"https:\/\/nvnoticias.mx\/index.php\/wp-json\/wp\/v2\/tags?post=82873"}],"curies":[{"name":"wp","href":"https:\/\/api.w.org\/{rel}","templated":true}]}}