{"id":82834,"date":"2022-11-16T13:34:55","date_gmt":"2022-11-16T19:34:55","guid":{"rendered":"https:\/\/nvnoticias.mx\/?p=82834"},"modified":"2022-11-16T13:34:56","modified_gmt":"2022-11-16T19:34:56","slug":"confirman-primeros-casos-en-mexico-de-perro-del-infierno-nueva-variante-covid-19","status":"publish","type":"post","link":"https:\/\/nvnoticias.mx\/index.php\/2022\/11\/16\/confirman-primeros-casos-en-mexico-de-perro-del-infierno-nueva-variante-covid-19\/","title":{"rendered":"Confirman primeros casos en M\u00e9xico de \u201cPerro del Infierno\u201d, nueva variante COVID-19"},"content":{"rendered":"\n<p><em>Perro del Infierno<\/em>\u00a0es el apodo que recibieron los nuevos sublinajes de\u00a0\u00d3micron,\u00a0BQ.1\u00a0y\u00a0BQ.1.1, cepas que desde finales de septiembre se mantienen en constante aumento principalmente en Europa y EEUU.<\/p>\n\n\n\n<p>Varios expertos alertaron en las \u00faltimas semanas sobre su potencial capacidad de evasi\u00f3n de los anticuerpos frente al virus. El nombre por el que se hizo popular en redes sociales es \u201cperro del infierno\u201d (en ingl\u00e9s\u00a0<em>Hellhound<\/em>) y hace referencia al perro del dios Hades, dios de los muertos y del inframundo, tambi\u00e9n conocido como \u201cCancerbero\u201d o \u201cCerbero\u201d.<\/p>\n\n\n\n<p>Quien desempe\u00f1\u00f3 la complicada tarea de cuidar las puertas del infierno, y era el perro que vigilaba a los muertos para que no pudieran escapar y, al mismo tiempo, que los vivos no pudieran entrar al inframundo.<\/p>\n\n\n\n<p>Como investigadores y cient\u00edficos esperaban, los casos de\u00a0contagios se elevan\u00a0y de acuerdo a las estimaciones del ECDC, m\u00e1s del 50% de las infecciones por COVID ser\u00e1n por BQ.1 y BQ.1.1 a principios y mediados del pr\u00f3ximo mes de diciembre. Y para principios de 2023, podr\u00edan representar m\u00e1s del 80% de los casos.<\/p>\n\n\n\n<p>En M\u00e9xico se han detectado hasta el momento\u00a016 contagios con la cepa BQ.1 y BQ.1.1.\u00a0De acuerdo con informaci\u00f3n proporcionada por\u00a0Oliva L\u00f3pez Arellano, titular de la Secretar\u00eda de Salud de la Ciudad de M\u00e9xico, son pocos los casos y no es una variante que predomine en el pa\u00eds<\/p>\n\n\n\n<blockquote class=\"wp-block-quote is-layout-flow wp-block-quote-is-layout-flow\"><p>\u201c<em>Hasta ahora no produce cuadros m\u00e1s graves, entonces\u00a0tenemos muy pocos hospitalizados y seguimos tomando muestras, para tener un monitoreo y seguimiento de los indicadores todos los d\u00edas<\/em>\u201d, asegur\u00f3 Arellano.<\/p><\/blockquote>\n\n\n\n<div class=\"wp-block-image\"><figure class=\"aligncenter is-resized\"><img loading=\"lazy\" decoding=\"async\" src=\"https:\/\/www.infobae.com\/new-resizer\/XxEHms9GcNr1u5MxGR20rQDMzIk=\/1200x628\/filters:format(webp):quality(85)\/\/cloudfront-us-east-1.images.arcpublishing.com\/infobae\/5M3RFC73GZHU3FNBOP6L64UZAA.jpg\" alt=\"Confirmaron primeros casos en M\u00e9xico de \u201cPerro del Infierno\u201d, nueva  variante COVID-19 - Infobae\" width=\"617\" height=\"323\"\/><\/figure><\/div>\n\n\n\n<p>Asimismo, la doctora aprovech\u00f3 para exhortar a la poblaci\u00f3n a no entrar en p\u00e1nico y a que se sigan las medidas adecuadas para prevenir contagios.<\/p>\n\n\n\n<p>El Instituto Nacional de Medicina Gen\u00f3mica (INMEGEN) fue quien registr\u00f3 el primer caso de la variante \u201cperro del infierno\u201d en una mujer de 36 a\u00f1os, habitante de la Ciudad de M\u00e9xico, mismos datos que fueron expuestos a trav\u00e9s de la plataforma\u00a0GISAID\u00a0(Global Initiative on Sharing All Influenza Data).<\/p>\n\n\n\n<p>Desde entonces aparecieron paulatinamente m\u00e1s contagios, dos mujeres en el estado de Nuevo Le\u00f3n, dos hombres tambi\u00e9n de la Ciudad de M\u00e9xico, otro var\u00f3n y otra mujer en Baja California.<\/p>\n\n\n\n<p>As\u00ed mismo, se registraron 8 casos pero de la variante\u00a0BQ.1.1. en la CDMX, 2 contagios en Yucat\u00e1n, al mismo tiempo otras dos en la capital del pa\u00eds, dos mujeres del Estado de M\u00e9xico y finalmente una en Chiapas.<\/p>\n\n\n\n<p>Con base a los Centros para el Control y la Prevenci\u00f3n de Enfermedades (CDC), los\u00a0s\u00edntomas\u00a0de estas subvariantes de \u00d3micron, BQ.1 y BQ.1.1 son muy similares a las otras variantes y al mismo COVID-19:<\/p>\n\n\n\n<p>&#8211; Fiebre<\/p>\n\n\n\n<p>&#8211; Escalofr\u00edos<\/p>\n\n\n\n<p>&#8211; Tos<\/p>\n\n\n\n<p>&#8211; Problemas para respirar<\/p>\n\n\n\n<p>&#8211; Cansancio<\/p>\n\n\n\n<p>&#8211; Dolor muscular<\/p>\n\n\n\n<p>&#8211; Dolor de cabeza.<\/p>\n\n\n\n<p>&#8211; Dolor de garganta<\/p>\n\n\n\n<p>&#8211; N\u00e1useas<\/p>\n\n\n\n<p>&#8211; Diarrea<\/p>\n\n\n\n<p>&#8211; Congesti\u00f3n nasal<\/p>\n\n\n\n<p>Cabe recordar, que a pesar de que en M\u00e9xico las\u00a0medidad sanitarias\u00a0se relajaron desde hace varios meses, es importante que los habitantes no las descarten por completo. La\u00a0prevenci\u00f3n de contagios\u00a0se lograr\u00e1 con el uso de cubrebocas, el lavado de manos constante, la sana distancia, contar con las dosis correspondientes de las vacunas y mantenerse informado a trav\u00e9s de protales oficiales.<\/p>\n\n\n\n<p>Fuente: <a href=\"https:\/\/www.infobae.com\/america\/mexico\/2022\/11\/16\/confirmaron-primeros-casos-en-mexico-de-perro-del-infierno-nueva-variante-covid-19\/\">Infobae<\/a><\/p>\n","protected":false},"excerpt":{"rendered":"<p>Perro del Infierno\u00a0es el apodo que recibieron los nuevos sublinajes de\u00a0\u00d3micron,\u00a0BQ.1\u00a0y\u00a0BQ.1.1, cepas que desde finales de septiembre se mantienen en constante aumento principalmente en Europa y EEUU. Varios expertos alertaron en las \u00faltimas semanas sobre su potencial capacidad de evasi\u00f3n de los anticuerpos frente al virus. El nombre por el que se hizo popular en [&hellip;]<\/p>\n","protected":false},"author":8,"featured_media":82835,"comment_status":"open","ping_status":"open","sticky":false,"template":"","format":"standard","meta":{"_monsterinsights_skip_tracking":false,"_monsterinsights_sitenote_active":false,"_monsterinsights_sitenote_note":"","_monsterinsights_sitenote_category":0,"footnotes":""},"categories":[157],"tags":[175,292,21109,162],"class_list":["post-82834","post","type-post","status-publish","format-standard","has-post-thumbnail","hentry","category-nacional","tag-covid-19","tag-mexico","tag-perro-del-infierno","tag-portada","wp-image-borders"],"amp_enabled":true,"_links":{"self":[{"href":"https:\/\/nvnoticias.mx\/index.php\/wp-json\/wp\/v2\/posts\/82834","targetHints":{"allow":["GET"]}}],"collection":[{"href":"https:\/\/nvnoticias.mx\/index.php\/wp-json\/wp\/v2\/posts"}],"about":[{"href":"https:\/\/nvnoticias.mx\/index.php\/wp-json\/wp\/v2\/types\/post"}],"author":[{"embeddable":true,"href":"https:\/\/nvnoticias.mx\/index.php\/wp-json\/wp\/v2\/users\/8"}],"replies":[{"embeddable":true,"href":"https:\/\/nvnoticias.mx\/index.php\/wp-json\/wp\/v2\/comments?post=82834"}],"version-history":[{"count":1,"href":"https:\/\/nvnoticias.mx\/index.php\/wp-json\/wp\/v2\/posts\/82834\/revisions"}],"predecessor-version":[{"id":82836,"href":"https:\/\/nvnoticias.mx\/index.php\/wp-json\/wp\/v2\/posts\/82834\/revisions\/82836"}],"wp:featuredmedia":[{"embeddable":true,"href":"https:\/\/nvnoticias.mx\/index.php\/wp-json\/wp\/v2\/media\/82835"}],"wp:attachment":[{"href":"https:\/\/nvnoticias.mx\/index.php\/wp-json\/wp\/v2\/media?parent=82834"}],"wp:term":[{"taxonomy":"category","embeddable":true,"href":"https:\/\/nvnoticias.mx\/index.php\/wp-json\/wp\/v2\/categories?post=82834"},{"taxonomy":"post_tag","embeddable":true,"href":"https:\/\/nvnoticias.mx\/index.php\/wp-json\/wp\/v2\/tags?post=82834"}],"curies":[{"name":"wp","href":"https:\/\/api.w.org\/{rel}","templated":true}]}}