{"id":82723,"date":"2022-11-15T18:47:24","date_gmt":"2022-11-16T00:47:24","guid":{"rendered":"https:\/\/nvnoticias.mx\/?p=82723"},"modified":"2022-11-15T18:47:26","modified_gmt":"2022-11-16T00:47:26","slug":"veracruz-gana-cinco-medallas-de-oro-en-para-atletismo","status":"publish","type":"post","link":"https:\/\/nvnoticias.mx\/index.php\/2022\/11\/15\/veracruz-gana-cinco-medallas-de-oro-en-para-atletismo\/","title":{"rendered":"Veracruz gana cinco medallas de oro en Para atletismo"},"content":{"rendered":"\n<p>Veracruz tuvo un destacado inicio en los Juegos Paranacionales CONADE 2022 en la disciplina de Paraatletismo que este lunes dio comienzo en esta ciudad sonorense al conseguir 13 medallas, de las cuales 5 son de Oro, cinco de Plata y tres de Bronce.<\/p>\n\n\n\n<p>Dentro de esta destacada actuaci\u00f3n de la representaci\u00f3n veracruzana, sobresale el desempe\u00f1o de Aranza Eskarlet S\u00e1nchez Vald\u00e9z, quien es entrenada por Luis Enrique Del Valle, al conseguir dos preseas en las pruebas de Campo en las que tuvo acci\u00f3n: una de Oro, en Lanzamiento de Clava, con una distancia de 7.20 metros; y una de Plata, en Lanzamiento de Disco de 759 gramos con una distancia de 3.99 metros, ambos en la clasificaci\u00f3n F32, 13-15 a\u00f1os.<\/p>\n\n\n\n<p>Las otras medallas de Oro cayeron por conducto de \u00c1ngel M\u00e9ndez Rodr\u00edguez, Emilio Gonz\u00e1lez Sosa, Luis Enrique P\u00e9rez Iglesias y Melanie Linares Rodr\u00edguez.<\/p>\n\n\n\n<div class=\"wp-block-image\"><figure class=\"aligncenter is-resized\"><img loading=\"lazy\" decoding=\"async\" src=\"https:\/\/scontent.fver1-1.fna.fbcdn.net\/v\/t39.30808-6\/315486712_6034130843297591_2777257656095562804_n.jpg?_nc_cat=101&amp;ccb=1-7&amp;_nc_sid=730e14&amp;_nc_eui2=AeF0_OtrTmyvs8l3yCdAAT3CGzybAOQUBbwbPJsA5BQFvKCEzD3Apg2j9N_WPDGxjbeID35r9jqZqUF-zAOYT-nl&amp;_nc_ohc=BhDkLuVyBwwAX8f2ao9&amp;_nc_ht=scontent.fver1-1.fna&amp;oh=00_AfDOe0zSf1frFB6NW8D-8IC73F6MyA1eXC67r38_hFz-xA&amp;oe=6378E354\" alt=\"Puede ser una imagen de 3 personas, personas de pie y al aire libre\" width=\"575\" height=\"431\"\/><\/figure><\/div>\n","protected":false},"excerpt":{"rendered":"<p>Veracruz tuvo un destacado inicio en los Juegos Paranacionales CONADE 2022 en la disciplina de Paraatletismo que este lunes dio comienzo en esta ciudad sonorense al conseguir 13 medallas, de las cuales 5 son de Oro, cinco de Plata y tres de Bronce. Dentro de esta destacada actuaci\u00f3n de la representaci\u00f3n veracruzana, sobresale el desempe\u00f1o [&hellip;]<\/p>\n","protected":false},"author":8,"featured_media":82724,"comment_status":"open","ping_status":"open","sticky":false,"template":"","format":"standard","meta":{"_monsterinsights_skip_tracking":false,"_monsterinsights_sitenote_active":false,"_monsterinsights_sitenote_note":"","_monsterinsights_sitenote_category":0,"footnotes":""},"categories":[159],"tags":[5324,21085,180],"class_list":["post-82723","post","type-post","status-publish","format-standard","has-post-thumbnail","hentry","category-deportes","tag-medallas-de-oro","tag-paraatletismo","tag-veracruz","wp-image-borders"],"amp_enabled":true,"_links":{"self":[{"href":"https:\/\/nvnoticias.mx\/index.php\/wp-json\/wp\/v2\/posts\/82723","targetHints":{"allow":["GET"]}}],"collection":[{"href":"https:\/\/nvnoticias.mx\/index.php\/wp-json\/wp\/v2\/posts"}],"about":[{"href":"https:\/\/nvnoticias.mx\/index.php\/wp-json\/wp\/v2\/types\/post"}],"author":[{"embeddable":true,"href":"https:\/\/nvnoticias.mx\/index.php\/wp-json\/wp\/v2\/users\/8"}],"replies":[{"embeddable":true,"href":"https:\/\/nvnoticias.mx\/index.php\/wp-json\/wp\/v2\/comments?post=82723"}],"version-history":[{"count":1,"href":"https:\/\/nvnoticias.mx\/index.php\/wp-json\/wp\/v2\/posts\/82723\/revisions"}],"predecessor-version":[{"id":82725,"href":"https:\/\/nvnoticias.mx\/index.php\/wp-json\/wp\/v2\/posts\/82723\/revisions\/82725"}],"wp:featuredmedia":[{"embeddable":true,"href":"https:\/\/nvnoticias.mx\/index.php\/wp-json\/wp\/v2\/media\/82724"}],"wp:attachment":[{"href":"https:\/\/nvnoticias.mx\/index.php\/wp-json\/wp\/v2\/media?parent=82723"}],"wp:term":[{"taxonomy":"category","embeddable":true,"href":"https:\/\/nvnoticias.mx\/index.php\/wp-json\/wp\/v2\/categories?post=82723"},{"taxonomy":"post_tag","embeddable":true,"href":"https:\/\/nvnoticias.mx\/index.php\/wp-json\/wp\/v2\/tags?post=82723"}],"curies":[{"name":"wp","href":"https:\/\/api.w.org\/{rel}","templated":true}]}}