{"id":82706,"date":"2022-11-15T16:46:27","date_gmt":"2022-11-15T22:46:27","guid":{"rendered":"https:\/\/nvnoticias.mx\/?p=82706"},"modified":"2022-11-15T16:46:28","modified_gmt":"2022-11-15T22:46:28","slug":"inicia-rehabilitacion-con-concreto-hidraulico-en-las-avenidas-ruiz-cortines-y-circuito-presidentes","status":"publish","type":"post","link":"https:\/\/nvnoticias.mx\/index.php\/2022\/11\/15\/inicia-rehabilitacion-con-concreto-hidraulico-en-las-avenidas-ruiz-cortines-y-circuito-presidentes\/","title":{"rendered":"Inicia rehabilitaci\u00f3n con concreto hidr\u00e1ulico en las avenidas Ruiz Cortines y Circuito Presidentes"},"content":{"rendered":"\n<p>Xalapa, Ver.- Con el objetivo de mejorar las condiciones de circulaci\u00f3n y seguridad vial, y brindar a la sociedad obras para la mejora de la movilidad, el Ayuntamiento iniciar\u00e1 este mi\u00e9rcoles la rehabilitaci\u00f3n de diversos tramos de las avenidas Adolfo Ruiz Cortines y Circuito Presidentes, donde la carpeta asf\u00e1ltica da\u00f1ada ser\u00e1 sustituida por concreto hidr\u00e1ulico.<\/p>\n\n\n\n<p>En el caso de la avenida Ruiz Cortines, el tramo a intervenir va de la calle Arboleda a la avenida Acueducto. Ah\u00ed se llevar\u00e1 a cabo el tendido de una base hidr\u00e1ulica de 20 cent\u00edmetros de espesor y construir\u00e1 una carpeta de concreto hidr\u00e1ulico de 20 cent\u00edmetros en una superficie de mil 502 metros c\u00fabicos.<\/p>\n\n\n\n<p>La obra que comprende un \u00e1rea de 31 mil 920 metros cuadrados, tambi\u00e9n considera la rehabilitaci\u00f3n y reparaci\u00f3n de tragatormentas, la colocaci\u00f3n de reductores de velocidad y se\u00f1al\u00e9tica horizontal y vertical. Con ello, se beneficiar\u00e1 a 20 mil habitantes.<\/p>\n\n\n\n<p>En el caso del Circuito Presidentes, la obra abarca un \u00e1rea de 25 mil 620 metros cuadrados, entre el Circuito Universitario Gonzalo Aguirre Beltr\u00e1n y la calle Alejandro Molina, la Zona Universitaria y las colonias Isleta y Emiliano Zapata.<\/p>\n\n\n\n<p>Se llevar\u00e1 a cabo el tendido de una base hidr\u00e1ulica de 20 cent\u00edmetros de espesor, la construcci\u00f3n de carpeta de concreto hidr\u00e1ulico de 22 cent\u00edmetros en una superficie de mil 363 metros c\u00fabicos; guarniciones y banquetas; la rehabilitaci\u00f3n de tragatormentas e instalaci\u00f3n de se\u00f1al\u00e9tica horizontal y vertical, todo ello en beneficio de 20 mil personas.<\/p>\n\n\n\n<p>De acuerdo con el proceso constructivo, se estima que los trabajos en ambas avenidas duren 75 d\u00edas, por lo que se solicita a la poblaci\u00f3n tomar rutas alternas, evitar estacionarse en la zona de obra y programar sus tiempos de traslado, independientemente de que se har\u00e1n adecuaciones viales para que en los tramos donde no se consideren labores, se habilite la circulaci\u00f3n en doble sentido.<\/p>\n\n\n\n<div class=\"wp-block-image\"><figure class=\"aligncenter size-large is-resized\"><img loading=\"lazy\" decoding=\"async\" src=\"https:\/\/nvnoticias.mx\/wp-content\/uploads\/2022\/11\/WhatsApp-Image-2022-11-15-at-4.20.08-PM-1024x669.jpeg\" alt=\"\" class=\"wp-image-82707\" width=\"593\" height=\"387\" srcset=\"https:\/\/nvnoticias.mx\/wp-content\/uploads\/2022\/11\/WhatsApp-Image-2022-11-15-at-4.20.08-PM-1024x669.jpeg 1024w, https:\/\/nvnoticias.mx\/wp-content\/uploads\/2022\/11\/WhatsApp-Image-2022-11-15-at-4.20.08-PM-300x196.jpeg 300w, https:\/\/nvnoticias.mx\/wp-content\/uploads\/2022\/11\/WhatsApp-Image-2022-11-15-at-4.20.08-PM-768x502.jpeg 768w, https:\/\/nvnoticias.mx\/wp-content\/uploads\/2022\/11\/WhatsApp-Image-2022-11-15-at-4.20.08-PM-1536x1004.jpeg 1536w, https:\/\/nvnoticias.mx\/wp-content\/uploads\/2022\/11\/WhatsApp-Image-2022-11-15-at-4.20.08-PM.jpeg 1600w\" sizes=\"auto, (max-width: 593px) 100vw, 593px\" \/><\/figure><\/div>\n\n\n\n<div class=\"wp-block-image\"><figure class=\"aligncenter size-large is-resized\"><img loading=\"lazy\" decoding=\"async\" src=\"https:\/\/nvnoticias.mx\/wp-content\/uploads\/2022\/11\/WhatsApp-Image-2022-11-15-at-4.20.08-PM-1-1024x678.jpeg\" alt=\"\" class=\"wp-image-82708\" width=\"592\" height=\"391\" srcset=\"https:\/\/nvnoticias.mx\/wp-content\/uploads\/2022\/11\/WhatsApp-Image-2022-11-15-at-4.20.08-PM-1-1024x678.jpeg 1024w, https:\/\/nvnoticias.mx\/wp-content\/uploads\/2022\/11\/WhatsApp-Image-2022-11-15-at-4.20.08-PM-1-300x199.jpeg 300w, https:\/\/nvnoticias.mx\/wp-content\/uploads\/2022\/11\/WhatsApp-Image-2022-11-15-at-4.20.08-PM-1-768x509.jpeg 768w, https:\/\/nvnoticias.mx\/wp-content\/uploads\/2022\/11\/WhatsApp-Image-2022-11-15-at-4.20.08-PM-1-1536x1018.jpeg 1536w, https:\/\/nvnoticias.mx\/wp-content\/uploads\/2022\/11\/WhatsApp-Image-2022-11-15-at-4.20.08-PM-1.jpeg 1600w\" sizes=\"auto, (max-width: 592px) 100vw, 592px\" \/><\/figure><\/div>\n\n\n\n<p><\/p>\n","protected":false},"excerpt":{"rendered":"<p>Xalapa, Ver.- Con el objetivo de mejorar las condiciones de circulaci\u00f3n y seguridad vial, y brindar a la sociedad obras para la mejora de la movilidad, el Ayuntamiento iniciar\u00e1 este mi\u00e9rcoles la rehabilitaci\u00f3n de diversos tramos de las avenidas Adolfo Ruiz Cortines y Circuito Presidentes, donde la carpeta asf\u00e1ltica da\u00f1ada ser\u00e1 sustituida por concreto hidr\u00e1ulico. [&hellip;]<\/p>\n","protected":false},"author":8,"featured_media":82709,"comment_status":"open","ping_status":"open","sticky":false,"template":"","format":"standard","meta":{"_monsterinsights_skip_tracking":false,"_monsterinsights_sitenote_active":false,"_monsterinsights_sitenote_note":"","_monsterinsights_sitenote_category":0,"footnotes":""},"categories":[156],"tags":[21083,15912,367],"class_list":["post-82706","post","type-post","status-publish","format-standard","has-post-thumbnail","hentry","category-estado","tag-av-ruiz-cortines","tag-concreto-hidraulico","tag-rehabilitacion","wp-image-borders"],"amp_enabled":true,"_links":{"self":[{"href":"https:\/\/nvnoticias.mx\/index.php\/wp-json\/wp\/v2\/posts\/82706","targetHints":{"allow":["GET"]}}],"collection":[{"href":"https:\/\/nvnoticias.mx\/index.php\/wp-json\/wp\/v2\/posts"}],"about":[{"href":"https:\/\/nvnoticias.mx\/index.php\/wp-json\/wp\/v2\/types\/post"}],"author":[{"embeddable":true,"href":"https:\/\/nvnoticias.mx\/index.php\/wp-json\/wp\/v2\/users\/8"}],"replies":[{"embeddable":true,"href":"https:\/\/nvnoticias.mx\/index.php\/wp-json\/wp\/v2\/comments?post=82706"}],"version-history":[{"count":1,"href":"https:\/\/nvnoticias.mx\/index.php\/wp-json\/wp\/v2\/posts\/82706\/revisions"}],"predecessor-version":[{"id":82710,"href":"https:\/\/nvnoticias.mx\/index.php\/wp-json\/wp\/v2\/posts\/82706\/revisions\/82710"}],"wp:featuredmedia":[{"embeddable":true,"href":"https:\/\/nvnoticias.mx\/index.php\/wp-json\/wp\/v2\/media\/82709"}],"wp:attachment":[{"href":"https:\/\/nvnoticias.mx\/index.php\/wp-json\/wp\/v2\/media?parent=82706"}],"wp:term":[{"taxonomy":"category","embeddable":true,"href":"https:\/\/nvnoticias.mx\/index.php\/wp-json\/wp\/v2\/categories?post=82706"},{"taxonomy":"post_tag","embeddable":true,"href":"https:\/\/nvnoticias.mx\/index.php\/wp-json\/wp\/v2\/tags?post=82706"}],"curies":[{"name":"wp","href":"https:\/\/api.w.org\/{rel}","templated":true}]}}