{"id":82682,"date":"2022-11-15T15:25:09","date_gmt":"2022-11-15T21:25:09","guid":{"rendered":"https:\/\/nvnoticias.mx\/?p=82682"},"modified":"2022-11-15T15:25:13","modified_gmt":"2022-11-15T21:25:13","slug":"explica-margot-robbie-sus-imagenes-virales-llorando-en-la-casa-de-cara-delevingne","status":"publish","type":"post","link":"https:\/\/nvnoticias.mx\/index.php\/2022\/11\/15\/explica-margot-robbie-sus-imagenes-virales-llorando-en-la-casa-de-cara-delevingne\/","title":{"rendered":"Explica Margot Robbie sus im\u00e1genes virales llorando en la casa de Cara Delevingne"},"content":{"rendered":"\n<p>Dos meses despu\u00e9s de que los paparazzi la fotografiaran aparentemente molesta y sollozando afuera de la casa de su amiga, la actriz aclara la situaci\u00f3n.<\/p>\n\n\n\n<p><strong>Margot<\/strong>\u00a0admiti\u00f3 que despu\u00e9s de que las fotos se volvieron virales, y expres\u00f3 su preocupaci\u00f3n por el estado de su amistad con la supermodelo, incluso su madre llam\u00f3 para preguntar si las mejores amigas estaban bien, a lo que ella respondi\u00f3: &#8220;S\u00ed y s\u00ed&#8221;.<br>la actriz aclara que &#8220;no estaba llorando&#8221; en las fotos y comparte que simplemente fueron tomadas en un momento inc\u00f3modo.<\/p>\n\n\n\n<p>&#8220;Ten\u00eda algo en el ojo&#8221;, explic\u00f3 en el art\u00edculo de portada de diciembre\/enero de&nbsp;<em>Vanity Fair,<\/em>&nbsp;publicado el 14 de noviembre. &#8220;Un pelo de mi ojo&#8221;.<\/p>\n\n\n\n<p>La estrella de Barbie tambi\u00e9n se\u00f1al\u00f3 que las fotos de septiembre de ella ni siquiera fueron tomadas en la casa de la modelo.<\/p>\n\n\n\n<p>Dijo que estaba &#8220;fuera de un Airbnb&#8221; que estaba alquilando y &#8220;no en la casa de Cara&#8221;, como implican los titulares.<\/p>\n\n\n\n<p>Despu\u00e9s de trabajar en Hollywood durante m\u00e1s de una d\u00e9cada,\u00a0<strong>Margot<\/strong>\u00a0dijo que lamentablemente se ha acostumbrado a las narrativas falsas de los medios y hace todo lo posible por ignorarlas.<\/p>\n\n\n\n<blockquote class=\"wp-block-quote is-layout-flow wp-block-quote-is-layout-flow\"><p>&#8220;Quieres corregirlo, pero simplemente no puedes&#8221;, le dijo a la revista. &#8220;Tienes que, no s\u00e9, mirar hacia otro lado&#8221;.<\/p><\/blockquote>\n\n\n\n<p><strong>Margot<\/strong>, de 32 a\u00f1os, y\u00a0<strong>Cara<\/strong>, de 30, han sido cercanas desde que trabajaron juntas en\u00a0<em>Suicide Squad<\/em>\u00a0en 2016. Ese a\u00f1o, la nominada al Oscar habl\u00f3 efusivamente sobre su amistad y calific\u00f3 a la estrella de Carnival Row como una &#8220;rara joya&#8221;.<\/p>\n\n\n\n<p>Fuente: <a href=\"https:\/\/www.eonline.com\/mx\/news\/1354641\/margot-robbie-finalmente-explica-sus-imagenes-virales-llorando-en-la-casa-de-cara-delevingne\" data-type=\"URL\" data-id=\"https:\/\/www.eonline.com\/mx\/news\/1354641\/margot-robbie-finalmente-explica-sus-imagenes-virales-llorando-en-la-casa-de-cara-delevingne\">E!<\/a><\/p>\n","protected":false},"excerpt":{"rendered":"<p>Dos meses despu\u00e9s de que los paparazzi la fotografiaran aparentemente molesta y sollozando afuera de la casa de su amiga, la actriz aclara la situaci\u00f3n. Margot\u00a0admiti\u00f3 que despu\u00e9s de que las fotos se volvieron virales, y expres\u00f3 su preocupaci\u00f3n por el estado de su amistad con la supermodelo, incluso su madre llam\u00f3 para preguntar si [&hellip;]<\/p>\n","protected":false},"author":35,"featured_media":76886,"comment_status":"open","ping_status":"open","sticky":false,"template":"","format":"standard","meta":{"_monsterinsights_skip_tracking":false,"_monsterinsights_sitenote_active":false,"_monsterinsights_sitenote_note":"","_monsterinsights_sitenote_category":0,"footnotes":""},"categories":[576],"tags":[14068,18089,18379,15692,2565,21079],"class_list":["post-82682","post","type-post","status-publish","format-standard","has-post-thumbnail","hentry","category-ocio","tag-cara-delevingne","tag-explica","tag-imagenes-2","tag-llorando","tag-margot-robbie","tag-virales","wp-image-borders"],"amp_enabled":true,"_links":{"self":[{"href":"https:\/\/nvnoticias.mx\/index.php\/wp-json\/wp\/v2\/posts\/82682","targetHints":{"allow":["GET"]}}],"collection":[{"href":"https:\/\/nvnoticias.mx\/index.php\/wp-json\/wp\/v2\/posts"}],"about":[{"href":"https:\/\/nvnoticias.mx\/index.php\/wp-json\/wp\/v2\/types\/post"}],"author":[{"embeddable":true,"href":"https:\/\/nvnoticias.mx\/index.php\/wp-json\/wp\/v2\/users\/35"}],"replies":[{"embeddable":true,"href":"https:\/\/nvnoticias.mx\/index.php\/wp-json\/wp\/v2\/comments?post=82682"}],"version-history":[{"count":1,"href":"https:\/\/nvnoticias.mx\/index.php\/wp-json\/wp\/v2\/posts\/82682\/revisions"}],"predecessor-version":[{"id":82683,"href":"https:\/\/nvnoticias.mx\/index.php\/wp-json\/wp\/v2\/posts\/82682\/revisions\/82683"}],"wp:featuredmedia":[{"embeddable":true,"href":"https:\/\/nvnoticias.mx\/index.php\/wp-json\/wp\/v2\/media\/76886"}],"wp:attachment":[{"href":"https:\/\/nvnoticias.mx\/index.php\/wp-json\/wp\/v2\/media?parent=82682"}],"wp:term":[{"taxonomy":"category","embeddable":true,"href":"https:\/\/nvnoticias.mx\/index.php\/wp-json\/wp\/v2\/categories?post=82682"},{"taxonomy":"post_tag","embeddable":true,"href":"https:\/\/nvnoticias.mx\/index.php\/wp-json\/wp\/v2\/tags?post=82682"}],"curies":[{"name":"wp","href":"https:\/\/api.w.org\/{rel}","templated":true}]}}