{"id":82626,"date":"2022-11-15T12:21:07","date_gmt":"2022-11-15T18:21:07","guid":{"rendered":"https:\/\/nvnoticias.mx\/?p=82626"},"modified":"2022-11-15T12:21:08","modified_gmt":"2022-11-15T18:21:08","slug":"informan-que-trabajadoras-del-hogar-pueden-registrarse-al-imss","status":"publish","type":"post","link":"https:\/\/nvnoticias.mx\/index.php\/2022\/11\/15\/informan-que-trabajadoras-del-hogar-pueden-registrarse-al-imss\/","title":{"rendered":"Informan que trabajadoras del hogar pueden registrarse al IMSS"},"content":{"rendered":"\n<p>La Secretar\u00eda del Trabajo y Prevenci\u00f3n Social (STPS) inform\u00f3 que la incorporaci\u00f3n a\u00a0personas trabajadoras del hogar\u00a0al Instituto Mexicano del Seguro Social (IMSS)\u00a0<strong>ser\u00e1 obligatorio desde el primer d\u00eda de labores.<\/strong><\/p>\n\n\n\n<p>Los empleadores de manera individual deber\u00e1n registrar a las y los trabajadores desde el primer momento en el que se presentan a sus actividades y<strong>\u00a0se puede realizar a trav\u00e9s de internet.<\/strong><\/p>\n\n\n\n<h3 class=\"wp-block-heading\">\u00bfC\u00f3mo registrar a una persona trabajadora del hogar?&nbsp;<\/h3>\n\n\n\n<p>El registro se puede realizar a trav\u00e9s de esta\u00a0p\u00e1gina web\u00a0y consta de cuatro pasos, los cuales son:\u00a0<\/p>\n\n\n\n<h3 class=\"wp-block-heading\"><strong>Ingresar los datos del empleador<\/strong><\/h3>\n\n\n\n<ul class=\"wp-block-list\"><li>CURP.<\/li><li>Correo electr\u00f3nico.<\/li><li>domicilio.<\/li><li>Datos de contacto.<\/li><\/ul>\n\n\n\n<p><strong>Informaci\u00f3n de la trabajadora del hogar&nbsp;<\/strong><\/p>\n\n\n\n<ul class=\"wp-block-list\"><li>CURP.<\/li><li>Domicilio.<\/li><li>Datos de contacto.&nbsp;<\/li><li>N\u00famero de seguridad social (en caso de no tenerlo, se genera en l\u00ednea).<\/li><\/ul>\n\n\n\n<h3 class=\"wp-block-heading\"><strong>Ingresar d\u00edas y salario<\/strong><\/h3>\n\n\n\n<ul class=\"wp-block-list\"><li>Salario diario<\/li><li>D\u00edas laborados&nbsp;<\/li><\/ul>\n\n\n\n<p><strong>Finalizar el registro<\/strong><\/p>\n\n\n\n<ul class=\"wp-block-list\"><li>El sistema hace el c\u00e1lculo de la cuota a pagar.<\/li><li>Descarga el formato y la l\u00ednea de captura.&nbsp;<\/li><li>El pago debe realizarse dentro de los primeros d\u00edas del mes (en ventanilla o transferencia bancaria).<\/li><li>El aseguramiento iniciar\u00e1 el primer d\u00eda del siguiente mes.&nbsp;<\/li><li>El patr\u00f3n y el IMSS enviar\u00e1 cada mes la l\u00ednea de captura para el pago.<\/li><\/ul>\n\n\n\n<h2 class=\"wp-block-heading\">\u00bfCu\u00e1les son los beneficios?<\/h2>\n\n\n\n<p>Al estar afiliadas al IMSS, disfrutar\u00e1n de:<\/p>\n\n\n\n<ul class=\"wp-block-list\"><li>Servicios m\u00e9dicos, hospitalarios, farmac\u00e9uticos y atenci\u00f3n obst\u00e9trica.<\/li><li>Incapacidades.<\/li><li>Pensi\u00f3n por invalidez y vida.<\/li><li>Fondo para el retiro.<\/li><li>Prestaciones sociales dentro de las que se encuentran velatorios y guarder\u00edas.<\/li><\/ul>\n\n\n\n<p><strong>Beneficiarios<\/strong><\/p>\n\n\n\n<ul class=\"wp-block-list\"><li>C\u00f3nyuge o concubina(rio).<\/li><li>Hijos.<\/li><li>Padre y madre.<\/li><\/ul>\n\n\n\n<p>En caso de existir alguna duda por parte de empleadores o trabajadores, el Seguro Social pone a disposici\u00f3n el n\u00famero\u00a0<strong>01 800 623 2323,\u00a0<\/strong>en un horario de atenci\u00f3n de lunes a viernes de 08:00 a 20:00 horas, domingos y d\u00edas festivos en horario de 08:00 a 14:00 horas.<\/p>\n\n\n\n<p>Fuente: <a href=\"https:\/\/www.milenio.com\/politica\/como-registrar-a-una-persona-trabajadora-del-hogar-al-imss\" data-type=\"URL\" data-id=\"https:\/\/www.milenio.com\/politica\/como-registrar-a-una-persona-trabajadora-del-hogar-al-imss\">Milenio<\/a><\/p>\n","protected":false},"excerpt":{"rendered":"<p>La Secretar\u00eda del Trabajo y Prevenci\u00f3n Social (STPS) inform\u00f3 que la incorporaci\u00f3n a\u00a0personas trabajadoras del hogar\u00a0al Instituto Mexicano del Seguro Social (IMSS)\u00a0ser\u00e1 obligatorio desde el primer d\u00eda de labores. Los empleadores de manera individual deber\u00e1n registrar a las y los trabajadores desde el primer momento en el que se presentan a sus actividades y\u00a0se puede [&hellip;]<\/p>\n","protected":false},"author":35,"featured_media":36961,"comment_status":"open","ping_status":"open","sticky":false,"template":"","format":"standard","meta":{"_monsterinsights_skip_tracking":false,"_monsterinsights_sitenote_active":false,"_monsterinsights_sitenote_note":"","_monsterinsights_sitenote_category":0,"footnotes":""},"categories":[157],"tags":[11980,365,14188],"class_list":["post-82626","post","type-post","status-publish","format-standard","has-post-thumbnail","hentry","category-nacional","tag-hogar","tag-imss","tag-registrarse","wp-image-borders"],"amp_enabled":true,"_links":{"self":[{"href":"https:\/\/nvnoticias.mx\/index.php\/wp-json\/wp\/v2\/posts\/82626","targetHints":{"allow":["GET"]}}],"collection":[{"href":"https:\/\/nvnoticias.mx\/index.php\/wp-json\/wp\/v2\/posts"}],"about":[{"href":"https:\/\/nvnoticias.mx\/index.php\/wp-json\/wp\/v2\/types\/post"}],"author":[{"embeddable":true,"href":"https:\/\/nvnoticias.mx\/index.php\/wp-json\/wp\/v2\/users\/35"}],"replies":[{"embeddable":true,"href":"https:\/\/nvnoticias.mx\/index.php\/wp-json\/wp\/v2\/comments?post=82626"}],"version-history":[{"count":1,"href":"https:\/\/nvnoticias.mx\/index.php\/wp-json\/wp\/v2\/posts\/82626\/revisions"}],"predecessor-version":[{"id":82631,"href":"https:\/\/nvnoticias.mx\/index.php\/wp-json\/wp\/v2\/posts\/82626\/revisions\/82631"}],"wp:featuredmedia":[{"embeddable":true,"href":"https:\/\/nvnoticias.mx\/index.php\/wp-json\/wp\/v2\/media\/36961"}],"wp:attachment":[{"href":"https:\/\/nvnoticias.mx\/index.php\/wp-json\/wp\/v2\/media?parent=82626"}],"wp:term":[{"taxonomy":"category","embeddable":true,"href":"https:\/\/nvnoticias.mx\/index.php\/wp-json\/wp\/v2\/categories?post=82626"},{"taxonomy":"post_tag","embeddable":true,"href":"https:\/\/nvnoticias.mx\/index.php\/wp-json\/wp\/v2\/tags?post=82626"}],"curies":[{"name":"wp","href":"https:\/\/api.w.org\/{rel}","templated":true}]}}