{"id":82621,"date":"2022-11-15T11:28:39","date_gmt":"2022-11-15T17:28:39","guid":{"rendered":"https:\/\/nvnoticias.mx\/?p=82621"},"modified":"2022-11-15T11:28:40","modified_gmt":"2022-11-15T17:28:40","slug":"vuelve-mexico-a-llamar-al-dialogo-a-rusia-y-ucrania-para-el-cese-de-hostilidades","status":"publish","type":"post","link":"https:\/\/nvnoticias.mx\/index.php\/2022\/11\/15\/vuelve-mexico-a-llamar-al-dialogo-a-rusia-y-ucrania-para-el-cese-de-hostilidades\/","title":{"rendered":"Vuelve M\u00e9xico a llamar al di\u00e1logo a Rusia y Ucrania para \u201cel cese de hostilidades\u201d"},"content":{"rendered":"\n<p>Este 15 de noviembre es el primer d\u00eda de actividades en la\u00a0<strong>Cumbre de L\u00edderes del G20<\/strong>, misma que se lleva a cabo en\u00a0<strong>Bali, Indonesia<\/strong>.<\/p>\n\n\n\n<p>En representaci\u00f3n de M\u00e9xico, acudi\u00f3 el titular de la Secretar\u00eda de Relaciones Exteriores (<strong>SRE<\/strong>),&nbsp;<strong>Marcelo Ebrard Casaub\u00f3n<\/strong>, quien durante su participaci\u00f3n denunci\u00f3 que la invasi\u00f3n rusa a Ucrania ha impactado en la seguridad alimentaria y energ\u00e9tica de pa\u00edses en desarrollo y ha generado alzas de precios a nivel internacional.<\/p>\n\n\n\n<p>Bajo este sentido, el canciller mexicano urgi\u00f3 a los l\u00edderes de<strong>&nbsp;Rusia y Ucrania<\/strong>, as\u00ed como a los miembros del G20 a promover de inmediato un di\u00e1logo que permita el cese de las hostilidades.<\/p>\n\n\n\n<blockquote class=\"wp-block-quote is-layout-flow wp-block-quote-is-layout-flow\"><p>\u201cM\u00e9xico participar\u00e1 en todo esfuerzo que lleve a ese resultado y llamamos a nuestros colegas de la Federaci\u00f3n Rusa y de Ucrania, a nombre de todo el mundo y de nuestro pa\u00eds, para que de inmediato puedan iniciar pl\u00e1ticas que conduzcan a la paz\u201d, dijo el alto funcionario.<\/p><\/blockquote>\n\n\n\n<p>Lo se\u00f1alado se dio en la primera sesi\u00f3n, denominada \u201cSeguridad alimentaria y energ\u00e9tica\u201d. En tanto, enfocado en el segundo rubro, el diplom\u00e1tico reiter\u00f3 el compromiso tomado por M\u00e9xico en el marco de la Conferencia de las Naciones Unidas Sobre el Cambio Clim\u00e1tico (<strong>COP27<\/strong>).<\/p>\n\n\n\n<p>Recientemente el gobierno mexicano se\u00f1al\u00f3 que dentro de sus metas a nivel nacional, se buscar\u00e1 la reducci\u00f3n de emisiones de hasta el 40% en 2030.<\/p>\n\n\n\n<p>Asimismo, el titular de la&nbsp;<strong>SRE<\/strong>&nbsp;llam\u00f3 al Grupo de los 20 a redoblar la movilizaci\u00f3n de recursos financieros a los pa\u00edses en desarrollo, por al menos<strong>&nbsp;100 mil millones de d\u00f3lares anuales hasta 2025<\/strong>, esto con el fin de combatir el cambio clim\u00e1tico y garantizar la seguridad energ\u00e9tica.<\/p>\n\n\n\n<p>\u201cS\u00e9 que eso podr\u00eda implicar reformas al&nbsp;<strong>Banco Mundial,<\/strong>&nbsp;al Banco Interamericano de Desarrollo, diversas f\u00f3rmulas, al&nbsp;<strong>Fondo Monetario Internacional<\/strong>, pero, otra vez, los medios que debemos poner para el muy alto fin de garantizar la seguridad energ\u00e9tica global parecieran estar a nuestro alcance y no ver\u00edamos ninguna raz\u00f3n para no hacerlo\u201d, declar\u00f3 en el foro.<\/p>\n\n\n\n<p>Otro punto destacado por el canciller fue la inclusi\u00f3n de manera permanente dentro de la cumbre de la Uni\u00f3n Africana y de la Comunidad de Estados Latinoamericanos y Caribe\u00f1os (<strong>Celac<\/strong>).<\/p>\n\n\n\n<p>Fuente: <a href=\"https:\/\/www.infobae.com\/america\/mexico\/2022\/11\/15\/mexico-volvio-a-llamar-al-dialogo-a-rusia-y-ucrania-para-el-cese-de-hostilidades-desde-el-g20\/\" data-type=\"URL\" data-id=\"https:\/\/www.infobae.com\/america\/mexico\/2022\/11\/15\/mexico-volvio-a-llamar-al-dialogo-a-rusia-y-ucrania-para-el-cese-de-hostilidades-desde-el-g20\/\">Infobae<\/a><\/p>\n","protected":false},"excerpt":{"rendered":"<p>Este 15 de noviembre es el primer d\u00eda de actividades en la\u00a0Cumbre de L\u00edderes del G20, misma que se lleva a cabo en\u00a0Bali, Indonesia. En representaci\u00f3n de M\u00e9xico, acudi\u00f3 el titular de la Secretar\u00eda de Relaciones Exteriores (SRE),&nbsp;Marcelo Ebrard Casaub\u00f3n, quien durante su participaci\u00f3n denunci\u00f3 que la invasi\u00f3n rusa a Ucrania ha impactado en la [&hellip;]<\/p>\n","protected":false},"author":35,"featured_media":82622,"comment_status":"open","ping_status":"open","sticky":false,"template":"","format":"standard","meta":{"_monsterinsights_skip_tracking":false,"_monsterinsights_sitenote_active":false,"_monsterinsights_sitenote_note":"","_monsterinsights_sitenote_category":0,"footnotes":""},"categories":[158],"tags":[7297,4946,14182,292,162,537,5041,8885],"class_list":["post-82621","post","type-post","status-publish","format-standard","has-post-thumbnail","hentry","category-politica","tag-dialogo","tag-g20","tag-llamar","tag-mexico","tag-portada","tag-rusia","tag-ucrania","tag-vuelve","wp-image-borders"],"amp_enabled":true,"_links":{"self":[{"href":"https:\/\/nvnoticias.mx\/index.php\/wp-json\/wp\/v2\/posts\/82621","targetHints":{"allow":["GET"]}}],"collection":[{"href":"https:\/\/nvnoticias.mx\/index.php\/wp-json\/wp\/v2\/posts"}],"about":[{"href":"https:\/\/nvnoticias.mx\/index.php\/wp-json\/wp\/v2\/types\/post"}],"author":[{"embeddable":true,"href":"https:\/\/nvnoticias.mx\/index.php\/wp-json\/wp\/v2\/users\/35"}],"replies":[{"embeddable":true,"href":"https:\/\/nvnoticias.mx\/index.php\/wp-json\/wp\/v2\/comments?post=82621"}],"version-history":[{"count":1,"href":"https:\/\/nvnoticias.mx\/index.php\/wp-json\/wp\/v2\/posts\/82621\/revisions"}],"predecessor-version":[{"id":82623,"href":"https:\/\/nvnoticias.mx\/index.php\/wp-json\/wp\/v2\/posts\/82621\/revisions\/82623"}],"wp:featuredmedia":[{"embeddable":true,"href":"https:\/\/nvnoticias.mx\/index.php\/wp-json\/wp\/v2\/media\/82622"}],"wp:attachment":[{"href":"https:\/\/nvnoticias.mx\/index.php\/wp-json\/wp\/v2\/media?parent=82621"}],"wp:term":[{"taxonomy":"category","embeddable":true,"href":"https:\/\/nvnoticias.mx\/index.php\/wp-json\/wp\/v2\/categories?post=82621"},{"taxonomy":"post_tag","embeddable":true,"href":"https:\/\/nvnoticias.mx\/index.php\/wp-json\/wp\/v2\/tags?post=82621"}],"curies":[{"name":"wp","href":"https:\/\/api.w.org\/{rel}","templated":true}]}}