{"id":82583,"date":"2022-11-14T18:34:38","date_gmt":"2022-11-15T00:34:38","guid":{"rendered":"https:\/\/nvnoticias.mx\/?p=82583"},"modified":"2022-11-14T18:34:39","modified_gmt":"2022-11-15T00:34:39","slug":"el-paternalismo-gubernamental","status":"publish","type":"post","link":"https:\/\/nvnoticias.mx\/index.php\/2022\/11\/14\/el-paternalismo-gubernamental\/","title":{"rendered":"El paternalismo gubernamental"},"content":{"rendered":"\n<p><strong>Ricardo Homs<\/strong><\/p>\n\n\n\n<p>El paternalismo del actual gobierno supera al de los anteriores.<\/p>\n\n\n\n<p>Sin embargo, es necesario entender este concepto.&nbsp;<strong>El paternalismo<\/strong>&nbsp;se puede ejercer solamente en un contexto autoritario. El paternalismo es la versi\u00f3n emocional de los l\u00edderes autoritarios que buscan generar dependencia manipulando el agradecimiento de los beneficiarios de los programas de asistencia social.<\/p>\n\n\n\n<p>Hoy vemos una acumulaci\u00f3n de poder con fines electorales y la herramienta m\u00e1s efectiva para lograrlo es a trav\u00e9s de ejercer el paternalismo, regalando dinero, -no por altruismo-, sino para generar dependencia que garantice la manipulaci\u00f3n del voto en las pr\u00f3ximas elecciones.<\/p>\n\n\n\n<p>Por tanto, el paternalismo se ejerce generando p\u00fablicamente la percepci\u00f3n de protecci\u00f3n y pretendiendo aparentar generosidad. As\u00ed es como el presidente&nbsp;<strong>L\u00f3pez Obrador&nbsp;<\/strong>mantiene la popularidad que hoy ostenta\u2026 comprando el apoyo popular para acumular poder y as\u00ed blindar la permanencia de sus proyectos personales a trav\u00e9s de dejar a sus corcholatas incondicionales en el poder cuando \u00e9l acabe su sexenio.<\/p>\n\n\n\n<p>Lo opuesto al&nbsp;<strong>paternalismo manipulador<\/strong>&nbsp;es la autoridad moral, la cual persigue como objetivo enriquecer la vida democr\u00e1tica.<\/p>\n\n\n\n<p>Por tanto, lo opuesto a la democracia es el paternalismo manipulador.<\/p>\n\n\n\n<p>Sin embargo, debemos reconocer que dentro de la idiosincrasia mexicana existe una gran predisposici\u00f3n para dejarse seducir por caudillos paternalistas y autoritarios a cambio de d\u00e1divas.<\/p>\n\n\n\n<p>A\u00fan as\u00ed, debemos reconocer que este modelo de manipulaci\u00f3n social y pol\u00edtica, -insertado en el populismo-, no lo cre\u00f3 el presidente&nbsp;<strong>L\u00f3pez Obrador,&nbsp;<\/strong>ni MORENA, sino el viejo PRI de mitad del siglo XX, que tuvo su apogeo en la \u00e9poca del populista presidente Lu\u00eds Echeverr\u00eda, escuela en la cual se form\u00f3 el joven pol\u00edtico Andr\u00e9s Manuel L\u00f3pez Obrador, quien ingres\u00f3 a ese partido en 1976, iniciando el sexenio de L\u00f3pez Portillo y en 1983, en la administraci\u00f3n del presidente De La Madrid L\u00f3pez Obrador lleg\u00f3 a ser presidente del PRI en Tabasco.<\/p>\n\n\n\n<p>Sin embargo, el modelo asistencialista del PRI era m\u00e1s discreto y adem\u00e1s, muy institucional, pues descansaba en la imagen del partido, el&nbsp;<strong>PRI.<\/strong>&nbsp;En cambio, hoy el m\u00e9rito se abona a la generosidad del presidente.<\/p>\n\n\n\n<p>En resumen\u2026 \u00bfA d\u00f3nde ir\u00e1n los recursos obtenidos por la extinci\u00f3n de los fideicomisos, los ahorros de la pobreza franciscana de este gobierno, -que ha disminuido programas de salud, educaci\u00f3n y otros-, as\u00ed como otros medios de financiamiento como la lucha contra la corrupci\u00f3n?<\/p>\n\n\n\n<p>Quiz\u00e1 todo vaya a dar a los programas de asistencia social, lo cual se reflejar\u00e1 en los votos a favor de MORENA en las pr\u00f3ximas elecciones.<\/p>\n\n\n\n<h4 class=\"wp-block-heading\">Don Francisco Ibarra L\u00f3pez<\/h4>\n\n\n\n<p>A los 90 a\u00f1os de edad muri\u00f3 don Francisco Ibarra L\u00f3pez, gran amigo, un pilar de la radio en M\u00e9xico, fundador y presidente de\u00a0<strong>Grupo ACIR<\/strong>\u00a0y uno de los fundadores de la Academia Mexicana de la Comunicaci\u00f3n A.C.<\/p>\n\n\n\n<p>Q.E.P.D.<\/p>\n\n\n\n<h4 class=\"wp-block-heading\">El lenguaje presidencial<\/h4>\n\n\n\n<p>Las inferencias que acostumbra a practicar el presidente de la rep\u00fablica son el sustento de las etiquetas peyorativas que este acostumbra a utilizar para denostar y lastimar la reputaci\u00f3n de quienes disienten de sus opiniones, lo cual carece de l\u00f3gica elemental, esa materia que cursamos en tercero de secundaria.<\/p>\n\n\n\n<p>Por otra parte, el lenguaje presidencial ha llevado a la pol\u00edtica mexicana a utilizar agresiones verbales. Recordemos lo externado en la ma\u00f1anera; \u201cRacistas, cretinos y clasistas\u201d, que son algunos de los adjetivos calificativos en contra de quienes ejercemos nuestro legitimo derecho a oponernos a la reforma electoral que pretende destruir al&nbsp;<strong>INE<\/strong>&nbsp;para controlar, -en beneficio de su partido y su proyecto pol\u00edtico-, las elecciones.<\/p>\n\n\n\n<p>Nunca un presidente hab\u00eda utilizado este lenguaje para denostar a sus opositores. Las formas elementales de la cortes\u00eda pol\u00edtica hab\u00edan prevalecido. En contraprestaci\u00f3n, -de parte de los opositores al presidente en turno-, se respetaba a la instituci\u00f3n presidencial.<\/p>\n\n\n\n<p>La canci\u00f3n con la que los diputados de la oposici\u00f3n festejaron en el sal\u00f3n de plenos de la&nbsp;<strong>C\u00e1mara de Diputados<\/strong>&nbsp;el cumplea\u00f1os del presidente, -\u201cRata de dos patas\u201d\u2026 interpretada por Paquita la del barrio\u201d-, habla de la degradaci\u00f3n de la pol\u00edtica que hoy vivimos, lo cual es parte del clima de confrontaci\u00f3n que nace de las \u201cMa\u00f1aneras\u201d presidenciales.<\/p>\n\n\n\n<p>Nunca antes, -que yo recuerde-, en un recinto oficial, como el&nbsp;<strong>Palacio Legislativo,&nbsp;<\/strong>se hab\u00eda denigrado tanto a la investidura presidencial. Sin embargo, aplica la m\u00e1xima popular de \u201cel que se lleva\u2026 se aguanta\u201d.<\/p>\n\n\n\n<p>\u00bfA usted qu\u00e9 le parece?<\/p>\n","protected":false},"excerpt":{"rendered":"<p>Ricardo Homs El paternalismo del actual gobierno supera al de los anteriores. Sin embargo, es necesario entender este concepto.&nbsp;El paternalismo&nbsp;se puede ejercer solamente en un contexto autoritario. El paternalismo es la versi\u00f3n emocional de los l\u00edderes autoritarios que buscan generar dependencia manipulando el agradecimiento de los beneficiarios de los programas de asistencia social. Hoy vemos [&hellip;]<\/p>\n","protected":false},"author":18,"featured_media":82584,"comment_status":"open","ping_status":"open","sticky":false,"template":"","format":"standard","meta":{"_monsterinsights_skip_tracking":false,"_monsterinsights_sitenote_active":false,"_monsterinsights_sitenote_note":"","_monsterinsights_sitenote_category":0,"footnotes":""},"categories":[246],"tags":[173],"class_list":["post-82583","post","type-post","status-publish","format-standard","has-post-thumbnail","hentry","category-ricardo-homs","tag-ricardo-homs","wp-image-borders"],"amp_enabled":true,"_links":{"self":[{"href":"https:\/\/nvnoticias.mx\/index.php\/wp-json\/wp\/v2\/posts\/82583","targetHints":{"allow":["GET"]}}],"collection":[{"href":"https:\/\/nvnoticias.mx\/index.php\/wp-json\/wp\/v2\/posts"}],"about":[{"href":"https:\/\/nvnoticias.mx\/index.php\/wp-json\/wp\/v2\/types\/post"}],"author":[{"embeddable":true,"href":"https:\/\/nvnoticias.mx\/index.php\/wp-json\/wp\/v2\/users\/18"}],"replies":[{"embeddable":true,"href":"https:\/\/nvnoticias.mx\/index.php\/wp-json\/wp\/v2\/comments?post=82583"}],"version-history":[{"count":1,"href":"https:\/\/nvnoticias.mx\/index.php\/wp-json\/wp\/v2\/posts\/82583\/revisions"}],"predecessor-version":[{"id":82585,"href":"https:\/\/nvnoticias.mx\/index.php\/wp-json\/wp\/v2\/posts\/82583\/revisions\/82585"}],"wp:featuredmedia":[{"embeddable":true,"href":"https:\/\/nvnoticias.mx\/index.php\/wp-json\/wp\/v2\/media\/82584"}],"wp:attachment":[{"href":"https:\/\/nvnoticias.mx\/index.php\/wp-json\/wp\/v2\/media?parent=82583"}],"wp:term":[{"taxonomy":"category","embeddable":true,"href":"https:\/\/nvnoticias.mx\/index.php\/wp-json\/wp\/v2\/categories?post=82583"},{"taxonomy":"post_tag","embeddable":true,"href":"https:\/\/nvnoticias.mx\/index.php\/wp-json\/wp\/v2\/tags?post=82583"}],"curies":[{"name":"wp","href":"https:\/\/api.w.org\/{rel}","templated":true}]}}