{"id":82545,"date":"2022-11-14T14:04:04","date_gmt":"2022-11-14T20:04:04","guid":{"rendered":"https:\/\/nvnoticias.mx\/?p=82545"},"modified":"2022-11-14T14:04:05","modified_gmt":"2022-11-14T20:04:05","slug":"max-no-esta-por-encima-del-equipo-horner-jefe-de-escuderia-red-bull","status":"publish","type":"post","link":"https:\/\/nvnoticias.mx\/index.php\/2022\/11\/14\/max-no-esta-por-encima-del-equipo-horner-jefe-de-escuderia-red-bull\/","title":{"rendered":"&#8216;Max no est\u00e1 por encima del equipo&#8217;: Horner, jefe de escuder\u00eda Red Bull"},"content":{"rendered":"\n<p>Despu\u00e9s del pleito entre Max Verstappen y Checo P\u00e9rez en el Gran Premio de Brasil, Christian Horner apareci\u00f3 para poner las cosas en su\u00a0lugar. La molestia del mexicano se dio porque su compa\u00f1ero no le regres\u00f3 la sexta posici\u00f3n en la \u00faltima vuelta que se disput\u00f3 en Interlagos, lo cual calent\u00f3 al tapat\u00edo, quien realiz\u00f3 varias declaraciones pol\u00e9micas.\u00a0 <\/p>\n\n\n\n<p>Al concluir la carrera, Horner habl\u00f3 a solas con el piloto neerland\u00e9s,\u00a0 posteriormente Checo\u00a0se uni\u00f3 a ellos y el equipo resolvi\u00f3 el tema de manera interna. <\/p>\n\n\n\n<p>Sky Sports fue directo con el jefe de la escuder\u00eda austriaca y le pregunt\u00f3 si Max Verstappen est\u00e1 por encima del equipo, a lo cual respondi\u00f3 tajantemente el brit\u00e1nico, quien se fue de Brasil muy frustrado.\u00a0 <\/p>\n\n\n\n<blockquote class=\"wp-block-quote is-layout-flow wp-block-quote-is-layout-flow\"><p>&#8220;<em>No (est\u00e1 por encima de Red Bull), trabajamos en equipo y corremos en equipo. Nuestro objetivo es ayudar a Sergio P\u00e9rez a lograr el segundo lugar en el Mundial de Pilotos. Esa ser\u00eda una haza\u00f1a que no hemos hecho antes<\/em>&#8220;. <\/p><\/blockquote>\n\n\n\n<p>Por otro lado, Horner\u00a0asegur\u00f3 que ambos pilotos conversaron, fueron claros y dejaron atr\u00e1s lo sucedido en Interlagos, donde Red Bull firm\u00f3 una de sus peores actuaciones de la campa\u00f1a: Verstappen fue sexto y Checo s\u00e9ptimo.\u00a0 <\/p>\n\n\n\n<blockquote class=\"wp-block-quote is-layout-flow wp-block-quote-is-layout-flow\"><p>&#8220;<em>No voy a explicar lo que discutimos internamente a puerta cerrada. Los pilotos lo discutieron, se dieron la mano y estamos completamente enfocados en la pr\u00f3xima carrera<\/em>&#8220;, coment\u00f3 el jefe de Red Bull.\u00a0 <\/p><\/blockquote>\n\n\n\n<p>Asimismo, el brit\u00e1nico se\u00f1al\u00f3 que Verstappen est\u00e1 totalmente comprometido con ayudar a Checo en Abu Dhabi, donde el mexicano deber\u00e1 sumar m\u00e1s puntos que Leclerc para quedarse con el subcampeonato del mundo.\u00a0 <\/p>\n\n\n\n<p>Fuente: <a href=\"https:\/\/www.mediotiempo.com\/automovilismo\/f1\/horner-pone-en-su-lugar-a-max-verstappen\">Medio Tiempo<\/a><\/p>\n","protected":false},"excerpt":{"rendered":"<p>Despu\u00e9s del pleito entre Max Verstappen y Checo P\u00e9rez en el Gran Premio de Brasil, Christian Horner apareci\u00f3 para poner las cosas en su\u00a0lugar. La molestia del mexicano se dio porque su compa\u00f1ero no le regres\u00f3 la sexta posici\u00f3n en la \u00faltima vuelta que se disput\u00f3 en Interlagos, lo cual calent\u00f3 al tapat\u00edo, quien realiz\u00f3 [&hellip;]<\/p>\n","protected":false},"author":8,"featured_media":82546,"comment_status":"open","ping_status":"open","sticky":false,"template":"","format":"standard","meta":{"_monsterinsights_skip_tracking":false,"_monsterinsights_sitenote_active":false,"_monsterinsights_sitenote_note":"","_monsterinsights_sitenote_category":0,"footnotes":""},"categories":[159],"tags":[2977,21058,3699,7812,5828],"class_list":["post-82545","post","type-post","status-publish","format-standard","has-post-thumbnail","hentry","category-deportes","tag-checo-perez","tag-christian-horner","tag-f1","tag-max-verstappen","tag-red-bull","wp-image-borders"],"amp_enabled":true,"_links":{"self":[{"href":"https:\/\/nvnoticias.mx\/index.php\/wp-json\/wp\/v2\/posts\/82545","targetHints":{"allow":["GET"]}}],"collection":[{"href":"https:\/\/nvnoticias.mx\/index.php\/wp-json\/wp\/v2\/posts"}],"about":[{"href":"https:\/\/nvnoticias.mx\/index.php\/wp-json\/wp\/v2\/types\/post"}],"author":[{"embeddable":true,"href":"https:\/\/nvnoticias.mx\/index.php\/wp-json\/wp\/v2\/users\/8"}],"replies":[{"embeddable":true,"href":"https:\/\/nvnoticias.mx\/index.php\/wp-json\/wp\/v2\/comments?post=82545"}],"version-history":[{"count":1,"href":"https:\/\/nvnoticias.mx\/index.php\/wp-json\/wp\/v2\/posts\/82545\/revisions"}],"predecessor-version":[{"id":82547,"href":"https:\/\/nvnoticias.mx\/index.php\/wp-json\/wp\/v2\/posts\/82545\/revisions\/82547"}],"wp:featuredmedia":[{"embeddable":true,"href":"https:\/\/nvnoticias.mx\/index.php\/wp-json\/wp\/v2\/media\/82546"}],"wp:attachment":[{"href":"https:\/\/nvnoticias.mx\/index.php\/wp-json\/wp\/v2\/media?parent=82545"}],"wp:term":[{"taxonomy":"category","embeddable":true,"href":"https:\/\/nvnoticias.mx\/index.php\/wp-json\/wp\/v2\/categories?post=82545"},{"taxonomy":"post_tag","embeddable":true,"href":"https:\/\/nvnoticias.mx\/index.php\/wp-json\/wp\/v2\/tags?post=82545"}],"curies":[{"name":"wp","href":"https:\/\/api.w.org\/{rel}","templated":true}]}}