{"id":82537,"date":"2022-11-14T13:11:52","date_gmt":"2022-11-14T19:11:52","guid":{"rendered":"https:\/\/nvnoticias.mx\/?p=82537"},"modified":"2022-11-14T13:11:53","modified_gmt":"2022-11-14T19:11:53","slug":"ordena-jueza-a-layda-sansores-no-difundir-mas-informacion-sobre-alito","status":"publish","type":"post","link":"https:\/\/nvnoticias.mx\/index.php\/2022\/11\/14\/ordena-jueza-a-layda-sansores-no-difundir-mas-informacion-sobre-alito\/","title":{"rendered":"Ordena jueza a Layda Sansores no difundir m\u00e1s informaci\u00f3n sobre &#8216;Alito&#8217;"},"content":{"rendered":"\n<p>Una jueza federal orden\u00f3 a la gobernadora de Campeche,\u00a0Layda Sansores, que se abstenga de difundir informaci\u00f3n y realizar declaraciones contra el l\u00edder nacional del PRI,\u00a0Alejandro Moreno C\u00e1rdenas,\u00a0<em>Alito<\/em>.<\/p>\n\n\n\n<p>Blanca Lobo Dom\u00ednguez, jueza D\u00e9cimo Segundo de Distrito en Materia Administrativa, concedi\u00f3 una suspensi\u00f3n definitiva al dirigente priista, la cual tambi\u00e9n ordena a las autoridades del gobierno de Campeche que realicen las gestiones necesarias para que se elimine de internet y redes sociales la informaci\u00f3n donde la mandataria exhibi\u00f3 al priista.<\/p>\n\n\n\n<p>El dirigente del tricolor impugn\u00f3 que el 4 de octubre de 2022, en el programa denominado \u201cEl Martes del Jaguar\u201d, la gobernadora difundi\u00f3 im\u00e1genes con su nombre y fotograf\u00eda y con un audio en el que puso su fotograf\u00eda simulando un chat de WhatsApp.<\/p>\n\n\n\n<p>En esa ocasi\u00f3n, Layda Sansores dio a conocer una serie de conversaciones en donde el priista presuntamente regalaba autom\u00f3viles a sus empleados por seguir sus \u00f3rdenes, al igual que temas de brigadeo en las elecciones 2021.<\/p>\n\n\n\n<p>Alejandro C\u00e1rdenas demand\u00f3 la protecci\u00f3n de la justicia para que no se vuelvan a difundir audios o fotograf\u00edas o conversaciones escritas que son privadas.<\/p>\n\n\n\n<p>La juzgadora estim\u00f3 que con el otorgamiento de la suspensi\u00f3n solicitada no se causa una afectaci\u00f3n mayor a la sociedad o a disposiciones de orden p\u00fablico.<\/p>\n\n\n\n<blockquote class=\"wp-block-quote is-layout-flow wp-block-quote-is-layout-flow\"><p>\u201cYa que el efecto de la medida cautelar implicar\u00eda el que las autoridades responsables se abstengan de continuar realizando publicaciones de la naturaleza de las controvertidas por el quejoso, as\u00ed como que lleven a cabo los actos necesarios para eliminar de Internet y de redes sociales las publicaciones reclamadas. Lo que se traduce en que \u00fanicamente la informaci\u00f3n, las manifestaciones, declaraciones y comentarios de las responsables en los t\u00e9rminos reclamados dejen de hacerse p\u00fablicos\u201d, explic\u00f3 Lobo Dom\u00ednguez.<\/p><\/blockquote>\n\n\n\n<p>Sin embargo, aclar\u00f3 que esto no implica que se prive a la sociedad de acceder a informaci\u00f3n sobre el quejoso de diversa naturaleza a la reclamada o que se difunda o provenga de agentes de informaci\u00f3n diversos y que se encuentre ya en Internet o en redes sociales.<\/p>\n\n\n\n<p>Lobo Dom\u00ednguez dej\u00f3 claro que el quejoso tiene car\u00e1cter de figura p\u00fablica, al ser Diputado Federal y por el cargo que tiene en el PRI, por lo que se somete voluntariamente al riesgo de que sus actividades o su vida privada sean objeto de mayor difusi\u00f3n, as\u00ed como a la opini\u00f3n y cr\u00edtica de terceros.<\/p>\n\n\n\n<p>Fuente: <em><a href=\"https:\/\/www.milenio.com\/policia\/layda-sansores-jueza-ordena-difundir-informacion-alito\" data-type=\"URL\" data-id=\"https:\/\/www.milenio.com\/policia\/layda-sansores-jueza-ordena-difundir-informacion-alito\">Milenio<\/a><\/em><\/p>\n","protected":false},"excerpt":{"rendered":"<p>Una jueza federal orden\u00f3 a la gobernadora de Campeche,\u00a0Layda Sansores, que se abstenga de difundir informaci\u00f3n y realizar declaraciones contra el l\u00edder nacional del PRI,\u00a0Alejandro Moreno C\u00e1rdenas,\u00a0Alito. Blanca Lobo Dom\u00ednguez, jueza D\u00e9cimo Segundo de Distrito en Materia Administrativa, concedi\u00f3 una suspensi\u00f3n definitiva al dirigente priista, la cual tambi\u00e9n ordena a las autoridades del gobierno de [&hellip;]<\/p>\n","protected":false},"author":35,"featured_media":65846,"comment_status":"open","ping_status":"open","sticky":false,"template":"","format":"standard","meta":{"_monsterinsights_skip_tracking":false,"_monsterinsights_sitenote_active":false,"_monsterinsights_sitenote_note":"","_monsterinsights_sitenote_category":0,"footnotes":""},"categories":[158],"tags":[6413,4022,12224,6874,21056],"class_list":["post-82537","post","type-post","status-publish","format-standard","has-post-thumbnail","hentry","category-politica","tag-alejandro-moreno","tag-informacion","tag-jueza","tag-layda-sansores","tag-no-difundir","wp-image-borders"],"amp_enabled":true,"_links":{"self":[{"href":"https:\/\/nvnoticias.mx\/index.php\/wp-json\/wp\/v2\/posts\/82537","targetHints":{"allow":["GET"]}}],"collection":[{"href":"https:\/\/nvnoticias.mx\/index.php\/wp-json\/wp\/v2\/posts"}],"about":[{"href":"https:\/\/nvnoticias.mx\/index.php\/wp-json\/wp\/v2\/types\/post"}],"author":[{"embeddable":true,"href":"https:\/\/nvnoticias.mx\/index.php\/wp-json\/wp\/v2\/users\/35"}],"replies":[{"embeddable":true,"href":"https:\/\/nvnoticias.mx\/index.php\/wp-json\/wp\/v2\/comments?post=82537"}],"version-history":[{"count":1,"href":"https:\/\/nvnoticias.mx\/index.php\/wp-json\/wp\/v2\/posts\/82537\/revisions"}],"predecessor-version":[{"id":82538,"href":"https:\/\/nvnoticias.mx\/index.php\/wp-json\/wp\/v2\/posts\/82537\/revisions\/82538"}],"wp:featuredmedia":[{"embeddable":true,"href":"https:\/\/nvnoticias.mx\/index.php\/wp-json\/wp\/v2\/media\/65846"}],"wp:attachment":[{"href":"https:\/\/nvnoticias.mx\/index.php\/wp-json\/wp\/v2\/media?parent=82537"}],"wp:term":[{"taxonomy":"category","embeddable":true,"href":"https:\/\/nvnoticias.mx\/index.php\/wp-json\/wp\/v2\/categories?post=82537"},{"taxonomy":"post_tag","embeddable":true,"href":"https:\/\/nvnoticias.mx\/index.php\/wp-json\/wp\/v2\/tags?post=82537"}],"curies":[{"name":"wp","href":"https:\/\/api.w.org\/{rel}","templated":true}]}}