{"id":82532,"date":"2022-11-14T12:54:31","date_gmt":"2022-11-14T18:54:31","guid":{"rendered":"https:\/\/nvnoticias.mx\/?p=82532"},"modified":"2022-11-14T12:54:31","modified_gmt":"2022-11-14T18:54:31","slug":"los-reactores-de-laguna-verde-opera-en-condiciones-seguras","status":"publish","type":"post","link":"https:\/\/nvnoticias.mx\/index.php\/2022\/11\/14\/los-reactores-de-laguna-verde-opera-en-condiciones-seguras\/","title":{"rendered":"Los reactores de Laguna Verde opera en condiciones seguras"},"content":{"rendered":"\n<p><strong>Jes\u00fas Utrilla \/ NV Noticias<\/strong><\/p>\n\n\n\n<p>Laguna Verde opera en condiciones seguras y no representa riesgos a la salud o al medio ambiente, afirm\u00f3 H\u00e9ctor L\u00f3pez Villareal, coordinador corporativo nuclear.<\/p>\n\n\n\n<p>Dijo que actualmente se recarga el reactor n\u00famero dos y se le brindar\u00e1 mantenimiento.<\/p>\n\n\n\n<p>Descart\u00f3 que la nucleoel\u00e9ctrica provoque casos de c\u00e1ncer en las inmediaciones de Laguna Verde.<\/p>\n\n\n\n<p>Por el contrario\u00a0 desde hace 40 a\u00f1os se cuenta con un laboratorio ambiental en El Farall\u00f3n para determinar que la operatividad no genere impactos en el entorno.<\/p>\n\n\n\n<p>Ah\u00ed se toman muestras de flora, fauna y medio ambiente eso\u00a0 sirve de referencia para tomar mediciones y no se han encontrado afectaciones.<\/p>\n\n\n\n<blockquote class=\"wp-block-quote is-layout-flow wp-block-quote-is-layout-flow\"><p>&#8220;<em>Hace m\u00e1s de 40 a\u00f1os que nosotros instalamos el Laboratorio Ambiental. No ha afectado ni la flora, ni la fauna ni el ambiente, entonces no pueden darse casos de c\u00e1ncer<\/em>&#8220;.<\/p><\/blockquote>\n\n\n\n<p>Cada 18 meses la planta para por mantenimiento pero nunca se ha suscitado ninguna emergencia o incidente. Se encuentra preparada para cuando se decida ampliar los reactores.<\/p>\n\n\n\n<p>Este lunes comenz\u00f3 la recarga de combustible y mantenimiento del reactor n\u00famero dos.<\/p>\n\n\n\n<blockquote class=\"wp-block-quote is-layout-flow wp-block-quote-is-layout-flow\"><p>&#8220;<em>Hace dos a\u00f1os la unidad n\u00famero uno alcanz\u00f3 532 d\u00edas operando de manera continua. Desde que termin\u00f3 su recarga se conect\u00f3 a la red y no volvi\u00f3 a desconectarse hasta que volvi\u00f3 a parar 18 meses despu\u00e9s para su recarga y mantenimiento. Esta operando segura, no hay paros t\u00e9cnicos<\/em>&#8220;.<\/p><\/blockquote>\n\n\n\n<p>A las rutas de evacuaci\u00f3n les dan mantenimiento cada a\u00f1o y se encuentran en buen estado. Adem\u00e1s la prioridad de Laguna Verde es la seguridad.<\/p>\n","protected":false},"excerpt":{"rendered":"<p>Jes\u00fas Utrilla \/ NV Noticias Laguna Verde opera en condiciones seguras y no representa riesgos a la salud o al medio ambiente, afirm\u00f3 H\u00e9ctor L\u00f3pez Villareal, coordinador corporativo nuclear. Dijo que actualmente se recarga el reactor n\u00famero dos y se le brindar\u00e1 mantenimiento. Descart\u00f3 que la nucleoel\u00e9ctrica provoque casos de c\u00e1ncer en las inmediaciones de [&hellip;]<\/p>\n","protected":false},"author":8,"featured_media":82533,"comment_status":"open","ping_status":"open","sticky":false,"template":"","format":"standard","meta":{"_monsterinsights_skip_tracking":false,"_monsterinsights_sitenote_active":false,"_monsterinsights_sitenote_note":"","_monsterinsights_sitenote_category":0,"footnotes":""},"categories":[154],"tags":[192,21053],"class_list":["post-82532","post","type-post","status-publish","format-standard","has-post-thumbnail","hentry","category-veracruz","tag-laguna-verde","tag-reactores","wp-image-borders"],"amp_enabled":true,"_links":{"self":[{"href":"https:\/\/nvnoticias.mx\/index.php\/wp-json\/wp\/v2\/posts\/82532","targetHints":{"allow":["GET"]}}],"collection":[{"href":"https:\/\/nvnoticias.mx\/index.php\/wp-json\/wp\/v2\/posts"}],"about":[{"href":"https:\/\/nvnoticias.mx\/index.php\/wp-json\/wp\/v2\/types\/post"}],"author":[{"embeddable":true,"href":"https:\/\/nvnoticias.mx\/index.php\/wp-json\/wp\/v2\/users\/8"}],"replies":[{"embeddable":true,"href":"https:\/\/nvnoticias.mx\/index.php\/wp-json\/wp\/v2\/comments?post=82532"}],"version-history":[{"count":1,"href":"https:\/\/nvnoticias.mx\/index.php\/wp-json\/wp\/v2\/posts\/82532\/revisions"}],"predecessor-version":[{"id":82534,"href":"https:\/\/nvnoticias.mx\/index.php\/wp-json\/wp\/v2\/posts\/82532\/revisions\/82534"}],"wp:featuredmedia":[{"embeddable":true,"href":"https:\/\/nvnoticias.mx\/index.php\/wp-json\/wp\/v2\/media\/82533"}],"wp:attachment":[{"href":"https:\/\/nvnoticias.mx\/index.php\/wp-json\/wp\/v2\/media?parent=82532"}],"wp:term":[{"taxonomy":"category","embeddable":true,"href":"https:\/\/nvnoticias.mx\/index.php\/wp-json\/wp\/v2\/categories?post=82532"},{"taxonomy":"post_tag","embeddable":true,"href":"https:\/\/nvnoticias.mx\/index.php\/wp-json\/wp\/v2\/tags?post=82532"}],"curies":[{"name":"wp","href":"https:\/\/api.w.org\/{rel}","templated":true}]}}