{"id":82512,"date":"2022-11-14T12:01:24","date_gmt":"2022-11-14T18:01:24","guid":{"rendered":"https:\/\/nvnoticias.mx\/?p=82512"},"modified":"2022-11-14T12:01:45","modified_gmt":"2022-11-14T18:01:45","slug":"mexico-busca-consolidarse-como-lider-regional-en-energia-nuclear","status":"publish","type":"post","link":"https:\/\/nvnoticias.mx\/index.php\/2022\/11\/14\/mexico-busca-consolidarse-como-lider-regional-en-energia-nuclear\/","title":{"rendered":"M\u00e9xico busca consolidarse como l\u00edder regional en energ\u00eda nuclear"},"content":{"rendered":"\n<p><strong>Jes\u00fas Utrilla | NV Noticias<\/strong><\/p>\n\n\n\n<p>M\u00e9xico incrementar\u00e1 en 2.5 gigawatts el\u00e9ctricos la capacidad nuclear en los siguientes 10 a\u00f1os, con ello se consolidar\u00e1 junto con Brasil y Argentina en l\u00edder regional en el campo de la energ\u00eda nuclear, inform\u00f3 Armando G\u00f3mez Torres, presidente de la Sociedad Nuclear Mexicana.<\/p>\n\n\n\n<p>Dijo que en todo el mundo est\u00e1n construyendo plantas nucleares. Actualmente se construyen 59 reactores nucleares y hay 250 en operaci\u00f3n, porque todos los pa\u00edses identificaron la energ\u00eda nuclear como soluci\u00f3n porque no genera gases de efecto invernadero.<\/p>\n\n\n\n<p>Agreg\u00f3 que la energ\u00eda nuclear es importante como carga base para contrarrestar el calentamiento global.<\/p>\n\n\n\n<blockquote class=\"wp-block-quote is-layout-flow wp-block-quote-is-layout-flow\"><p>&#8220;Todas la aplicaciones que tienen que ver con energ\u00eda nuclear, sobre todo la generaci\u00f3n de energ\u00eda el\u00e9ctrica est\u00e1n siempre bien vigiladas, no solo por un \u00f3rgano regulador mexicano sino por organismos reguladores internacionales&#8221;.<\/p><\/blockquote>\n\n\n\n<p>En el caso de Laguna Verde afirm\u00f3 que genera electricidad limpia para Veracruz y no provoca afectaciones a la salud, pues se encuentra regulada.<\/p>\n\n\n\n<p>Genera el 4 por ciento de la energ\u00eda el\u00e9ctrica de M\u00e9xico y tiene una capacidad de mil 600 megawatts el\u00e9ctricos.<\/p>\n\n\n\n<p>La Sociedad Nuclear Mexicana llev\u00f3 a cabo su Congreso Anual en un conocido hotel de la ciudad de Veracruz.<\/p>\n\n\n\n<p>Se reunieron investigadores, catedr\u00e1ticos y especialistas nacionales e internacionales para compartir experiencias.<\/p>\n","protected":false},"excerpt":{"rendered":"<p>Jes\u00fas Utrilla | NV Noticias M\u00e9xico incrementar\u00e1 en 2.5 gigawatts el\u00e9ctricos la capacidad nuclear en los siguientes 10 a\u00f1os, con ello se consolidar\u00e1 junto con Brasil y Argentina en l\u00edder regional en el campo de la energ\u00eda nuclear, inform\u00f3 Armando G\u00f3mez Torres, presidente de la Sociedad Nuclear Mexicana. Dijo que en todo el mundo est\u00e1n [&hellip;]<\/p>\n","protected":false},"author":35,"featured_media":82513,"comment_status":"open","ping_status":"open","sticky":false,"template":"","format":"standard","meta":{"_monsterinsights_skip_tracking":false,"_monsterinsights_sitenote_active":false,"_monsterinsights_sitenote_note":"","_monsterinsights_sitenote_category":0,"footnotes":""},"categories":[154],"tags":[21049,21051,292,162,21050],"class_list":["post-82512","post","type-post","status-publish","format-standard","has-post-thumbnail","hentry","category-veracruz","tag-consolidarse","tag-energia-nuclear","tag-mexico","tag-portada","tag-regional","wp-image-borders"],"amp_enabled":true,"_links":{"self":[{"href":"https:\/\/nvnoticias.mx\/index.php\/wp-json\/wp\/v2\/posts\/82512","targetHints":{"allow":["GET"]}}],"collection":[{"href":"https:\/\/nvnoticias.mx\/index.php\/wp-json\/wp\/v2\/posts"}],"about":[{"href":"https:\/\/nvnoticias.mx\/index.php\/wp-json\/wp\/v2\/types\/post"}],"author":[{"embeddable":true,"href":"https:\/\/nvnoticias.mx\/index.php\/wp-json\/wp\/v2\/users\/35"}],"replies":[{"embeddable":true,"href":"https:\/\/nvnoticias.mx\/index.php\/wp-json\/wp\/v2\/comments?post=82512"}],"version-history":[{"count":1,"href":"https:\/\/nvnoticias.mx\/index.php\/wp-json\/wp\/v2\/posts\/82512\/revisions"}],"predecessor-version":[{"id":82514,"href":"https:\/\/nvnoticias.mx\/index.php\/wp-json\/wp\/v2\/posts\/82512\/revisions\/82514"}],"wp:featuredmedia":[{"embeddable":true,"href":"https:\/\/nvnoticias.mx\/index.php\/wp-json\/wp\/v2\/media\/82513"}],"wp:attachment":[{"href":"https:\/\/nvnoticias.mx\/index.php\/wp-json\/wp\/v2\/media?parent=82512"}],"wp:term":[{"taxonomy":"category","embeddable":true,"href":"https:\/\/nvnoticias.mx\/index.php\/wp-json\/wp\/v2\/categories?post=82512"},{"taxonomy":"post_tag","embeddable":true,"href":"https:\/\/nvnoticias.mx\/index.php\/wp-json\/wp\/v2\/tags?post=82512"}],"curies":[{"name":"wp","href":"https:\/\/api.w.org\/{rel}","templated":true}]}}