{"id":825,"date":"2021-01-09T15:26:59","date_gmt":"2021-01-09T21:26:59","guid":{"rendered":"https:\/\/nvnoticias.mx\/?p=825"},"modified":"2021-01-10T11:56:07","modified_gmt":"2021-01-10T17:56:07","slug":"se-tambalea-alianza-entre-pri-pan-y-prd-en-veracruz","status":"publish","type":"post","link":"https:\/\/nvnoticias.mx\/index.php\/2021\/01\/09\/se-tambalea-alianza-entre-pri-pan-y-prd-en-veracruz\/","title":{"rendered":"Se tambalea alianza entre PRI, PAN y PRD  en Veracruz"},"content":{"rendered":"\n<p><strong>Sam Ojeda \/ NV Noticias<\/strong><\/p>\n\n\n\n<p>Xalapa.- La alianza entre el PAN, PRD y PRI en Veracruz se tambalea ante las exigencias y \u201ccaprichos\u201d del Partido Acci\u00f3n Nacional, se\u00f1al\u00f3 el dirigente estatal del Partido de la Revoluci\u00f3n Democr\u00e1tica, Sergio Cadena Mart\u00ednez.<\/p>\n\n\n\n<p>Dijo que en las negociaciones sobre la alianza han encontrado \u201cmuchas trabas\u201d porque hay quienes \u201cs\u00f3lo piensan en ellos\u201d.<\/p>\n\n\n\n<blockquote class=\"wp-block-quote is-layout-flow wp-block-quote-is-layout-flow\"><p>&#8220;Ha habido muchas trabas y los tiempos van avanzando y si de parte de alguna fuerza pol\u00edtica hay cerraz\u00f3n y nada m\u00e1s piensan en ellos, no piensan en la sociedad\u201d.<\/p><\/blockquote>\n\n\n\n<p>Esta s\u00e1bado el l\u00edder perredista y el dirigente estatal del PRI, Marlon Ram\u00edrez Mar\u00edn, se reunieron y anunciaron que ofrecer\u00e1n conferencia de prensa este domingo para fijar su postura.<\/p>\n\n\n\n<blockquote class=\"wp-block-quote is-layout-flow wp-block-quote-is-layout-flow\"><p>\u201cEl PRD no comparte esa cerraz\u00f3n y esa ambici\u00f3n, y en todo caso estar\u00eda dispuesto a ir con otra fuerza pol\u00edtica o tal vez hasta solo\u201d, advirti\u00f3.&nbsp;<\/p><\/blockquote>\n\n\n\n<p>Afirm\u00f3 que los perredistas est\u00e1n preparados para cualquier escenario como ir solo en la contienda electoral, ya que dijo no est\u00e1n dispuestos a sujetarse a caprichos<\/p>\n\n\n\n<blockquote class=\"wp-block-quote is-layout-flow wp-block-quote-is-layout-flow\"><p>\u201cNo estamos dispuestos a sujetarnos a los caprichos de una fuerza pol\u00edtica que se cree superior a quienes estamos sentados en la mesa y quiere poner sus condiciones\u201d.&nbsp; &nbsp;<\/p><\/blockquote>\n","protected":false},"excerpt":{"rendered":"<p>Sam Ojeda \/ NV Noticias Xalapa.- La alianza entre el PAN, PRD y PRI en Veracruz se tambalea ante las exigencias y \u201ccaprichos\u201d del Partido Acci\u00f3n Nacional, se\u00f1al\u00f3 el dirigente estatal del Partido de la Revoluci\u00f3n Democr\u00e1tica, Sergio Cadena Mart\u00ednez. Dijo que en las negociaciones sobre la alianza han encontrado \u201cmuchas trabas\u201d porque hay quienes [&hellip;]<\/p>\n","protected":false},"author":6,"featured_media":826,"comment_status":"open","ping_status":"open","sticky":false,"template":"","format":"standard","meta":{"_monsterinsights_skip_tracking":false,"_monsterinsights_sitenote_active":false,"_monsterinsights_sitenote_note":"","_monsterinsights_sitenote_category":0,"footnotes":""},"categories":[156],"tags":[162],"class_list":["post-825","post","type-post","status-publish","format-standard","has-post-thumbnail","hentry","category-estado","tag-portada","wp-image-borders"],"amp_enabled":true,"_links":{"self":[{"href":"https:\/\/nvnoticias.mx\/index.php\/wp-json\/wp\/v2\/posts\/825","targetHints":{"allow":["GET"]}}],"collection":[{"href":"https:\/\/nvnoticias.mx\/index.php\/wp-json\/wp\/v2\/posts"}],"about":[{"href":"https:\/\/nvnoticias.mx\/index.php\/wp-json\/wp\/v2\/types\/post"}],"author":[{"embeddable":true,"href":"https:\/\/nvnoticias.mx\/index.php\/wp-json\/wp\/v2\/users\/6"}],"replies":[{"embeddable":true,"href":"https:\/\/nvnoticias.mx\/index.php\/wp-json\/wp\/v2\/comments?post=825"}],"version-history":[{"count":2,"href":"https:\/\/nvnoticias.mx\/index.php\/wp-json\/wp\/v2\/posts\/825\/revisions"}],"predecessor-version":[{"id":829,"href":"https:\/\/nvnoticias.mx\/index.php\/wp-json\/wp\/v2\/posts\/825\/revisions\/829"}],"wp:featuredmedia":[{"embeddable":true,"href":"https:\/\/nvnoticias.mx\/index.php\/wp-json\/wp\/v2\/media\/826"}],"wp:attachment":[{"href":"https:\/\/nvnoticias.mx\/index.php\/wp-json\/wp\/v2\/media?parent=825"}],"wp:term":[{"taxonomy":"category","embeddable":true,"href":"https:\/\/nvnoticias.mx\/index.php\/wp-json\/wp\/v2\/categories?post=825"},{"taxonomy":"post_tag","embeddable":true,"href":"https:\/\/nvnoticias.mx\/index.php\/wp-json\/wp\/v2\/tags?post=825"}],"curies":[{"name":"wp","href":"https:\/\/api.w.org\/{rel}","templated":true}]}}