{"id":82488,"date":"2022-11-14T10:48:25","date_gmt":"2022-11-14T16:48:25","guid":{"rendered":"https:\/\/nvnoticias.mx\/?p=82488"},"modified":"2022-11-14T10:48:27","modified_gmt":"2022-11-14T16:48:27","slug":"reflexiones-de-domingo-por-la-tarde","status":"publish","type":"post","link":"https:\/\/nvnoticias.mx\/index.php\/2022\/11\/14\/reflexiones-de-domingo-por-la-tarde\/","title":{"rendered":"Reflexiones de domingo por la tarde\u2026"},"content":{"rendered":"\n<p>Mal har\u00eda el r\u00e9gimen minimizando o negando las multitudinarias y leg\u00edtimas marchas realizadas este domingo en las principales ciudades del pa\u00eds. <\/p>\n\n\n\n<p>La soberbia es mala consejera. <\/p>\n\n\n\n<p>Ser\u00eda un grav\u00edsimo error que no reconocieran que as\u00ed como existen millones de personas que apoyan al r\u00e9gimen, existen otros tantos y en igual proporci\u00f3n que se oponen y rechazan la forma en que se est\u00e1 gobernando el pa\u00eds. <\/p>\n\n\n\n<p>Celebro la participaci\u00f3n ciudadana de la clase media, me alegra saber que finalmente se han despojado de su apat\u00eda e indiferencia, esa apat\u00eda e indiferencia que por tantos a\u00f1os fue c\u00f3mplice de la corrupci\u00f3n imperante en otros gobiernos. <\/p>\n\n\n\n<p>Las calles y las plazas son espacios p\u00fablicos que hist\u00f3ricamente han sido usados y ocupados por los movimientos populares de izquierda; la protesta, las marchas y las manifestaciones son una expresi\u00f3n leg\u00edtima dentro de las democracias. <\/p>\n\n\n\n<p>Ganar la plaza es la primer victoria de todo movimiento pol\u00edtico y social, hoy finalmente las diversas fuerzas de oposici\u00f3n al r\u00e9gimen lograron articular una acci\u00f3n coordinada para mostrar de manera pac\u00edfica pero poderosa su presencia. <\/p>\n\n\n\n<p>Nunca es tarde para reaccionar y hacer valer su derecho a ser escuchados. <\/p>\n\n\n\n<p>Los opositores al r\u00e9gimen tambi\u00e9n son mexicanos y tambi\u00e9n tienen derecho a manifestarse. <\/p>\n\n\n\n<p>Se llama democracia y esa la construimos todos.<\/p>\n\n\n\n<p>PD El reto de quienes convocaron, organizaron y realizaron la marcha es darle continuidad y transformar la protesta en un movimiento consistente con efecto pol\u00edtico sin perder su origen social. Los riesgos y amenazas de un moviente as\u00ed son: <\/p>\n\n\n\n<p>1.- Que se diluya y termine perdiendo fuerza. La indignaci\u00f3n y el enojo social son fuerzas poderosas pero que suelen tener un periodo de vida corto. Para trascender requieren de algo m\u00e1s que solo emoci\u00f3n. <\/p>\n\n\n\n<p>2.- Que sea contaminado por intereses partidistas y no logre construir un puente hacia el terreno pol\u00edtico. La relaci\u00f3n sociedad-partidos pol\u00edticos es fr\u00e1gil y est\u00e1 marcada por la desconfianza, son muchos los agravios y traiciones que los partidos pol\u00edticos le han infringido a la sociedad. La vinculaci\u00f3n necesaria con los partidos pol\u00edticos debe darse cuidadosamente y de manera que la sociedad no se sienta usada. <\/p>\n\n\n\n<p>3.- Encontrar el liderazgo id\u00f3neo. Quiz\u00e1s el reto m\u00e1s grande radica en la b\u00fasqueda de un liderazgo que logre representar la indignaci\u00f3n social y el descontento en contra del r\u00e9gimen.<\/p>\n","protected":false},"excerpt":{"rendered":"<p>Mal har\u00eda el r\u00e9gimen minimizando o negando las multitudinarias y leg\u00edtimas marchas realizadas este domingo en las principales ciudades del pa\u00eds. La soberbia es mala consejera. Ser\u00eda un grav\u00edsimo error que no reconocieran que as\u00ed como existen millones de personas que apoyan al r\u00e9gimen, existen otros tantos y en igual proporci\u00f3n que se oponen y [&hellip;]<\/p>\n","protected":false},"author":11,"featured_media":82492,"comment_status":"open","ping_status":"open","sticky":false,"template":"","format":"standard","meta":{"_monsterinsights_skip_tracking":false,"_monsterinsights_sitenote_active":false,"_monsterinsights_sitenote_note":"","_monsterinsights_sitenote_category":0,"footnotes":""},"categories":[429],"tags":[430],"class_list":["post-82488","post","type-post","status-publish","format-standard","has-post-thumbnail","hentry","category-artillero","tag-moises-hernandez-yoldi","wp-image-borders"],"amp_enabled":true,"_links":{"self":[{"href":"https:\/\/nvnoticias.mx\/index.php\/wp-json\/wp\/v2\/posts\/82488","targetHints":{"allow":["GET"]}}],"collection":[{"href":"https:\/\/nvnoticias.mx\/index.php\/wp-json\/wp\/v2\/posts"}],"about":[{"href":"https:\/\/nvnoticias.mx\/index.php\/wp-json\/wp\/v2\/types\/post"}],"author":[{"embeddable":true,"href":"https:\/\/nvnoticias.mx\/index.php\/wp-json\/wp\/v2\/users\/11"}],"replies":[{"embeddable":true,"href":"https:\/\/nvnoticias.mx\/index.php\/wp-json\/wp\/v2\/comments?post=82488"}],"version-history":[{"count":1,"href":"https:\/\/nvnoticias.mx\/index.php\/wp-json\/wp\/v2\/posts\/82488\/revisions"}],"predecessor-version":[{"id":82493,"href":"https:\/\/nvnoticias.mx\/index.php\/wp-json\/wp\/v2\/posts\/82488\/revisions\/82493"}],"wp:featuredmedia":[{"embeddable":true,"href":"https:\/\/nvnoticias.mx\/index.php\/wp-json\/wp\/v2\/media\/82492"}],"wp:attachment":[{"href":"https:\/\/nvnoticias.mx\/index.php\/wp-json\/wp\/v2\/media?parent=82488"}],"wp:term":[{"taxonomy":"category","embeddable":true,"href":"https:\/\/nvnoticias.mx\/index.php\/wp-json\/wp\/v2\/categories?post=82488"},{"taxonomy":"post_tag","embeddable":true,"href":"https:\/\/nvnoticias.mx\/index.php\/wp-json\/wp\/v2\/tags?post=82488"}],"curies":[{"name":"wp","href":"https:\/\/api.w.org\/{rel}","templated":true}]}}