{"id":82447,"date":"2022-11-13T17:08:02","date_gmt":"2022-11-13T23:08:02","guid":{"rendered":"https:\/\/nvnoticias.mx\/?p=82447"},"modified":"2022-11-13T17:08:03","modified_gmt":"2022-11-13T23:08:03","slug":"sentencia-iran-a-muerte-a-un-manifestante","status":"publish","type":"post","link":"https:\/\/nvnoticias.mx\/index.php\/2022\/11\/13\/sentencia-iran-a-muerte-a-un-manifestante\/","title":{"rendered":"Sentencia Ir\u00e1n a muerte a un manifestante"},"content":{"rendered":"\n<p>Un tribunal de Teher\u00e1n conden\u00f3 el domingo a muerte a una persona acusada de participar en los &#8220;disturbios&#8221;, la primera condena de este tipo desde que empez\u00f3 la ola de manifestaciones en el pa\u00eds, inform\u00f3 la agencia Mizan Online de la autoridad judicial.\u00a0 No se dio ninguna informaci\u00f3n sobre su identidad o edad. <\/p>\n\n\n\n<p>Seg\u00fan el veredicto la persona fue declarada &#8220;enemiga de Dios&#8221; y culpable de &#8220;incendiar un edificio gubernamental, alterar el orden p\u00fablico, reunirse y conspirar para cometer un crimen contra la seguridad nacional&#8221;, dijo la agencia.\u00a0 <\/p>\n\n\n\n<p>Otro tribunal de la capital conden\u00f3 a cinco personas a penas de entre cinco y diez a\u00f1os de prisi\u00f3n por &#8220;reunirse y conspirar para cometer delitos contra la seguridad nacional y alterar el orden p\u00fablico&#8221;.\u00a0<\/p>\n\n\n\n<p> Se trata de tribunales de primera instancia, por lo que los condenados pueden apelar, dijo Mizan. <\/p>\n\n\n\n<p>Ir\u00e1n vive una ola de violencia desde que Mahsa Amini, una kurda iran\u00ed de 22 a\u00f1os, muri\u00f3 el pasado mes de septiembre tras ser detenida por la polic\u00eda de la moral, presuntamente por no llevar correctamente el velo tal y como exige el estricto c\u00f3digo de vestimenta para las mujeres en la Rep\u00fablica Isl\u00e1mica.\u00a0 <\/p>\n\n\n\n<p>Fuente: <a href=\"https:\/\/www.milenio.com\/internacional\/iran-sentencia-condena-muerte-ola-manifestaciones\" data-type=\"URL\" data-id=\"https:\/\/www.milenio.com\/internacional\/iran-sentencia-condena-muerte-ola-manifestaciones\">Milenio<\/a><\/p>\n","protected":false},"excerpt":{"rendered":"<p>Un tribunal de Teher\u00e1n conden\u00f3 el domingo a muerte a una persona acusada de participar en los &#8220;disturbios&#8221;, la primera condena de este tipo desde que empez\u00f3 la ola de manifestaciones en el pa\u00eds, inform\u00f3 la agencia Mizan Online de la autoridad judicial.\u00a0 No se dio ninguna informaci\u00f3n sobre su identidad o edad. Seg\u00fan el [&hellip;]<\/p>\n","protected":false},"author":35,"featured_media":82448,"comment_status":"open","ping_status":"open","sticky":false,"template":"","format":"standard","meta":{"_monsterinsights_skip_tracking":false,"_monsterinsights_sitenote_active":false,"_monsterinsights_sitenote_note":"","_monsterinsights_sitenote_category":0,"footnotes":""},"categories":[181],"tags":[5665,21036,311,4985],"class_list":["post-82447","post","type-post","status-publish","format-standard","has-post-thumbnail","hentry","category-internacional","tag-iran","tag-manifestante","tag-muerte","tag-sentencia","wp-image-borders"],"amp_enabled":true,"_links":{"self":[{"href":"https:\/\/nvnoticias.mx\/index.php\/wp-json\/wp\/v2\/posts\/82447","targetHints":{"allow":["GET"]}}],"collection":[{"href":"https:\/\/nvnoticias.mx\/index.php\/wp-json\/wp\/v2\/posts"}],"about":[{"href":"https:\/\/nvnoticias.mx\/index.php\/wp-json\/wp\/v2\/types\/post"}],"author":[{"embeddable":true,"href":"https:\/\/nvnoticias.mx\/index.php\/wp-json\/wp\/v2\/users\/35"}],"replies":[{"embeddable":true,"href":"https:\/\/nvnoticias.mx\/index.php\/wp-json\/wp\/v2\/comments?post=82447"}],"version-history":[{"count":1,"href":"https:\/\/nvnoticias.mx\/index.php\/wp-json\/wp\/v2\/posts\/82447\/revisions"}],"predecessor-version":[{"id":82449,"href":"https:\/\/nvnoticias.mx\/index.php\/wp-json\/wp\/v2\/posts\/82447\/revisions\/82449"}],"wp:featuredmedia":[{"embeddable":true,"href":"https:\/\/nvnoticias.mx\/index.php\/wp-json\/wp\/v2\/media\/82448"}],"wp:attachment":[{"href":"https:\/\/nvnoticias.mx\/index.php\/wp-json\/wp\/v2\/media?parent=82447"}],"wp:term":[{"taxonomy":"category","embeddable":true,"href":"https:\/\/nvnoticias.mx\/index.php\/wp-json\/wp\/v2\/categories?post=82447"},{"taxonomy":"post_tag","embeddable":true,"href":"https:\/\/nvnoticias.mx\/index.php\/wp-json\/wp\/v2\/tags?post=82447"}],"curies":[{"name":"wp","href":"https:\/\/api.w.org\/{rel}","templated":true}]}}