{"id":82415,"date":"2022-11-13T14:33:13","date_gmt":"2022-11-13T20:33:13","guid":{"rendered":"https:\/\/nvnoticias.mx\/?p=82415"},"modified":"2022-11-13T14:33:15","modified_gmt":"2022-11-13T20:33:15","slug":"podria-fox-buscar-presidencia-en-2024","status":"publish","type":"post","link":"https:\/\/nvnoticias.mx\/index.php\/2022\/11\/13\/podria-fox-buscar-presidencia-en-2024\/","title":{"rendered":"Podr\u00eda Fox buscar Presidencia en 2024"},"content":{"rendered":"\n<p>El expresidente&nbsp;<strong>Vicente Fox<\/strong>&nbsp;advirti\u00f3 que si el presidente<strong>&nbsp;Andr\u00e9s Manuel L\u00f3pez Obrador<\/strong>&nbsp;busca la&nbsp;<strong>reelecci\u00f3n en 2024<\/strong>, \u00e9l tambi\u00e9n se registrar\u00e1 a la contienda.<\/p>\n\n\n\n<p>As\u00ed lo afirm\u00f3 durante la marcha en defensa del INE, realizada en la Ciudad de M\u00e9xico.<\/p>\n\n\n\n<blockquote class=\"wp-block-quote is-layout-flow wp-block-quote-is-layout-flow\"><p>\u201cA L\u00f3pez le advierto de una vez, si \u00e9l pretende aparecer otra vez en 2024, yo me le aparezco, yo le entro tambi\u00e9n a los chingadazos\u201d, declar\u00f3.\u00a0<\/p><\/blockquote>\n\n\n\n<p>Entrevistado por medios de comunicaci\u00f3n, descart\u00f3 que pretenda anotarse a la contienda Presidencial, y solo lo har\u00eda para confrontar al Ejecutivo Federal en funciones en caso de que quiera reelegirse: \u201cSi \u00e9l pretende volver, por supuesto que s\u00ed, si \u00e9l va, yo voy\u201d.<\/p>\n\n\n\n<blockquote class=\"wp-block-quote is-layout-flow wp-block-quote-is-layout-flow\"><p>\u201cYo espero que as\u00ed se mantengan en PRI, PAN y PRD, aqu\u00ed estuvimos todos sin colores partidistas, todos como ciudadanos y todos por la misma causa. A los partidos pol\u00edticos no les conviene nada, que el INE no est\u00e1 ah\u00ed y el que se lo quiere apa\u00f1ar, L\u00f3pez, no se va a salir con la suya\u201d.<\/p><\/blockquote>\n\n\n\n<p>Al preguntarle sobre si considera o no que\u00a0<strong>Alejandro Moreno C\u00e1rdenas<\/strong>, dirigente nacional del PRI, pueda apoyar la iniciativa presidencial, se\u00f1al\u00f3 que hoy \u201cel tal Alito ha vuelto a darle la cara a M\u00e9xico\u201d, pero advirti\u00f3 que si vuelve a \u201ctraicionar al pueblo de M\u00e9xico\u201d; \u201cas\u00ed le va a ir, entonces yo espero que todos vamos a jalar parejo en esta ocasi\u00f3n\u201d.<\/p>\n\n\n\n<p>Sobre la actual administraci\u00f3n, Vicente Fox dijo que L\u00f3pez Obrador deber\u00eda dejar de ser Presidente.<\/p>\n\n\n\n<p>\u201cSi tiene un poquito de sentido com\u00fan deber\u00eda renunciar, pero ah\u00ed va a estar porque no nos conviene a M\u00e9xico estar sin Presidente, pero hoy demostramos que quien manda en este pa\u00eds es el ciudadano, y lo que exige el ciudadano es que el INE se mantenga como est\u00e1, ni un cambio al INE\u201d, concluy\u00f3.<\/p>\n\n\n\n<p>Al concluir el<strong>\u00a0mitin a favor del INE<\/strong>, el expresidente Vicente Fox dijo que L\u00f3pez Obrador no se va a salir con la suya, \u201csi \u00e9l pretende aparecer en el 2024 yo me le aparezco (como candidato)\u2026 si \u00e9l va a volver, por supuesto que si\u201d.<\/p>\n\n\n\n<p>Record\u00f3 que \u00e9l no iba a desaforar a L\u00f3pez Obrador, \u201clo desafor\u00f3 el Congreso y todos los partidos cometi\u00f3 una pena que la ley marca como un crimen y que se le ten\u00eda que desaforar y fui un solo observador\u201d.<\/p>\n\n\n\n<p>Acompa\u00f1ado del l\u00edder nacional del PAN, Marco Cortes, el exmandatario se\u00f1al\u00f3 que L\u00f3pez Obrador deber\u00eda dejar de ser Presidente, \u201csi tiene un poquito de sentido com\u00fan deber\u00eda de dejar de ser Presidente y de renunciar, pero ah\u00ed va a estar porque no nos conviene a M\u00e9xico estar sin Presidente, pero los mexicanos hoy demostramos que quien manda en este pa\u00eds son los ciudadanos por encima de todo\u201d.<\/p>\n\n\n\n<p>Fuente<a href=\"https:\/\/www.eluniversal.com.mx\/nacion\/fox-podria-buscar-presidencia-en-2024-si-amlo-busca-reeleccion-yo-le-entro-tambien-los-chin\" data-type=\"URL\" data-id=\"https:\/\/www.eluniversal.com.mx\/nacion\/fox-podria-buscar-presidencia-en-2024-si-amlo-busca-reeleccion-yo-le-entro-tambien-los-chin\">: El Universal<\/a><\/p>\n","protected":false},"excerpt":{"rendered":"<p>El expresidente&nbsp;Vicente Fox&nbsp;advirti\u00f3 que si el presidente&nbsp;Andr\u00e9s Manuel L\u00f3pez Obrador&nbsp;busca la&nbsp;reelecci\u00f3n en 2024, \u00e9l tambi\u00e9n se registrar\u00e1 a la contienda. As\u00ed lo afirm\u00f3 durante la marcha en defensa del INE, realizada en la Ciudad de M\u00e9xico. \u201cA L\u00f3pez le advierto de una vez, si \u00e9l pretende aparecer otra vez en 2024, yo me le aparezco, [&hellip;]<\/p>\n","protected":false},"author":35,"featured_media":82416,"comment_status":"open","ping_status":"open","sticky":false,"template":"","format":"standard","meta":{"_monsterinsights_skip_tracking":false,"_monsterinsights_sitenote_active":false,"_monsterinsights_sitenote_note":"","_monsterinsights_sitenote_category":0,"footnotes":""},"categories":[158],"tags":[13852,13928,12200,162,1058,2130],"class_list":["post-82415","post","type-post","status-publish","format-standard","has-post-thumbnail","hentry","category-politica","tag-buscar","tag-fox","tag-podria","tag-portada","tag-presidencia","tag-vicente-fox","wp-image-borders"],"amp_enabled":true,"_links":{"self":[{"href":"https:\/\/nvnoticias.mx\/index.php\/wp-json\/wp\/v2\/posts\/82415","targetHints":{"allow":["GET"]}}],"collection":[{"href":"https:\/\/nvnoticias.mx\/index.php\/wp-json\/wp\/v2\/posts"}],"about":[{"href":"https:\/\/nvnoticias.mx\/index.php\/wp-json\/wp\/v2\/types\/post"}],"author":[{"embeddable":true,"href":"https:\/\/nvnoticias.mx\/index.php\/wp-json\/wp\/v2\/users\/35"}],"replies":[{"embeddable":true,"href":"https:\/\/nvnoticias.mx\/index.php\/wp-json\/wp\/v2\/comments?post=82415"}],"version-history":[{"count":1,"href":"https:\/\/nvnoticias.mx\/index.php\/wp-json\/wp\/v2\/posts\/82415\/revisions"}],"predecessor-version":[{"id":82417,"href":"https:\/\/nvnoticias.mx\/index.php\/wp-json\/wp\/v2\/posts\/82415\/revisions\/82417"}],"wp:featuredmedia":[{"embeddable":true,"href":"https:\/\/nvnoticias.mx\/index.php\/wp-json\/wp\/v2\/media\/82416"}],"wp:attachment":[{"href":"https:\/\/nvnoticias.mx\/index.php\/wp-json\/wp\/v2\/media?parent=82415"}],"wp:term":[{"taxonomy":"category","embeddable":true,"href":"https:\/\/nvnoticias.mx\/index.php\/wp-json\/wp\/v2\/categories?post=82415"},{"taxonomy":"post_tag","embeddable":true,"href":"https:\/\/nvnoticias.mx\/index.php\/wp-json\/wp\/v2\/tags?post=82415"}],"curies":[{"name":"wp","href":"https:\/\/api.w.org\/{rel}","templated":true}]}}