{"id":82312,"date":"2022-11-12T16:12:43","date_gmt":"2022-11-12T22:12:43","guid":{"rendered":"https:\/\/nvnoticias.mx\/?p=82312"},"modified":"2022-11-12T16:12:45","modified_gmt":"2022-11-12T22:12:45","slug":"llama-alito-moreno-a-militancia-priista-a-marcha-para-defender-al-ine","status":"publish","type":"post","link":"https:\/\/nvnoticias.mx\/index.php\/2022\/11\/12\/llama-alito-moreno-a-militancia-priista-a-marcha-para-defender-al-ine\/","title":{"rendered":"Llama &#8216;Alito&#8217; Moreno a militancia priista a marcha para defender al INE"},"content":{"rendered":"\n<p>Alejandro Moreno, presidente del Partido Revolucionario Institucional (PRI), llam\u00f3 a la militancia de su partido a participar en la marcha de este domingo para\u00a0defender al INE, ante la Reforma Electoral\u00a0propuesta por el presidente, Andr\u00e9s Manuel L\u00f3pez Obrador y\u00a0advirti\u00f3 que no apoyar\u00e1n ning\u00fan cambio que debilite a la autoridad electoral.<\/p>\n\n\n\n<p>En un video difundido en sus redes sociales, el presidente del PRI, mencion\u00f3 que\u00a0dicha reforma tiene el \u00fanico objetivo de mantener en el poder a Morena\u00a0y al Presidente, pues agreg\u00f3 que \u201cde ninguna manera podemos permitir semejante atropello\u201d. Dijo que el \u00e9xito del INE radica en que es un \u00f3rgano de car\u00e1cter t\u00e9cnico, ciudadano y con autonom\u00eda.<\/p>\n\n\n\n<blockquote class=\"wp-block-quote is-layout-flow wp-block-quote-is-layout-flow\"><p>El PRI no apoyar\u00e1 jam\u00e1s ninguna reforma que atente contra el&nbsp;<a href=\"https:\/\/twitter.com\/INEMexico?ref_src=twsrc%5Etfw\" target=\"_blank\" rel=\"noreferrer noopener\">@INEMexico<\/a>&nbsp;o contra el&nbsp;<a href=\"https:\/\/twitter.com\/TEPJF_informa?ref_src=twsrc%5Etfw\" target=\"_blank\" rel=\"noreferrer noopener\">@TEPJF_informa<\/a>. \u00a1Defenderemos la democracia de nuestro pa\u00eds!&nbsp;<a href=\"https:\/\/t.co\/nnYyzVwuKZ\" target=\"_blank\" rel=\"noreferrer noopener\">pic.twitter.com\/nnYyzVwuKZ<\/a>\u2014 Alejandro Moreno (@alitomorenoc)&nbsp;<a href=\"https:\/\/twitter.com\/alitomorenoc\/status\/1591231600125087745?ref_src=twsrc%5Etfw\" target=\"_blank\" rel=\"noreferrer noopener\">November 12, 2022<\/a><\/p><\/blockquote>\n\n\n\n<p>Asimismo, se\u00f1al\u00f3 que el escudarse en que el presupuesto destinado al INE es excesivo, es completamente falso, y enfatiz\u00f3 que\u00a0el PRI nunca apoyar\u00e1 ninguna reforma que atente en contra de la democracia.<\/p>\n\n\n\n<blockquote class=\"wp-block-quote is-layout-flow wp-block-quote-is-layout-flow\"><p>\u201cEl presupuesto del INE no est\u00e1 ni cerca de compararse con los miles de millones de pesos que el gobierno ha tirado a la basura en sus obras, en sus programas fallidos y en propuestas que no ayudan a los ciudadanos (\u2026) as\u00ed que lo decimos categ\u00f3ricamente. El PRI no apoyar\u00e1 jam\u00e1s ninguna reforma que atente contra el INE o contra el Tribunal Federal Electoral\u201d, dijo Alejandro Moreno.<\/p><\/blockquote>\n\n\n\n<p>Por lo cual, el dirigente nacional del PRI, hizo un llamado a toda su militancia para participar este domingo 13 de noviembre, en la\u00a0marcha para defender al INE, agreg\u00f3, \u201cvamos a manifestarnos pac\u00edficamente, para hacer valer nuestros derechos y que\u00a0se respete el modelo democr\u00e1tico en M\u00e9xico\u201d.<\/p>\n\n\n\n<p>Fuente: <a href=\"https:\/\/www.milenio.com\/politica\/alito-moreno-llama-a-militancia-del-pri-a-marcha-en-defensa-del-ine\">Milenio<\/a><\/p>\n","protected":false},"excerpt":{"rendered":"<p>Alejandro Moreno, presidente del Partido Revolucionario Institucional (PRI), llam\u00f3 a la militancia de su partido a participar en la marcha de este domingo para\u00a0defender al INE, ante la Reforma Electoral\u00a0propuesta por el presidente, Andr\u00e9s Manuel L\u00f3pez Obrador y\u00a0advirti\u00f3 que no apoyar\u00e1n ning\u00fan cambio que debilite a la autoridad electoral. En un video difundido en sus [&hellip;]<\/p>\n","protected":false},"author":7,"featured_media":61817,"comment_status":"open","ping_status":"open","sticky":false,"template":"","format":"standard","meta":{"_monsterinsights_skip_tracking":false,"_monsterinsights_sitenote_active":false,"_monsterinsights_sitenote_note":"","_monsterinsights_sitenote_category":0,"footnotes":""},"categories":[158],"tags":[6413,16779,443,1507,162,208],"class_list":["post-82312","post","type-post","status-publish","format-standard","has-post-thumbnail","hentry","category-politica","tag-alejandro-moreno","tag-alito-moreno","tag-ine","tag-marcha","tag-portada","tag-pri","wp-image-borders"],"amp_enabled":true,"_links":{"self":[{"href":"https:\/\/nvnoticias.mx\/index.php\/wp-json\/wp\/v2\/posts\/82312","targetHints":{"allow":["GET"]}}],"collection":[{"href":"https:\/\/nvnoticias.mx\/index.php\/wp-json\/wp\/v2\/posts"}],"about":[{"href":"https:\/\/nvnoticias.mx\/index.php\/wp-json\/wp\/v2\/types\/post"}],"author":[{"embeddable":true,"href":"https:\/\/nvnoticias.mx\/index.php\/wp-json\/wp\/v2\/users\/7"}],"replies":[{"embeddable":true,"href":"https:\/\/nvnoticias.mx\/index.php\/wp-json\/wp\/v2\/comments?post=82312"}],"version-history":[{"count":1,"href":"https:\/\/nvnoticias.mx\/index.php\/wp-json\/wp\/v2\/posts\/82312\/revisions"}],"predecessor-version":[{"id":82313,"href":"https:\/\/nvnoticias.mx\/index.php\/wp-json\/wp\/v2\/posts\/82312\/revisions\/82313"}],"wp:featuredmedia":[{"embeddable":true,"href":"https:\/\/nvnoticias.mx\/index.php\/wp-json\/wp\/v2\/media\/61817"}],"wp:attachment":[{"href":"https:\/\/nvnoticias.mx\/index.php\/wp-json\/wp\/v2\/media?parent=82312"}],"wp:term":[{"taxonomy":"category","embeddable":true,"href":"https:\/\/nvnoticias.mx\/index.php\/wp-json\/wp\/v2\/categories?post=82312"},{"taxonomy":"post_tag","embeddable":true,"href":"https:\/\/nvnoticias.mx\/index.php\/wp-json\/wp\/v2\/tags?post=82312"}],"curies":[{"name":"wp","href":"https:\/\/api.w.org\/{rel}","templated":true}]}}