{"id":82263,"date":"2022-11-12T12:49:38","date_gmt":"2022-11-12T18:49:38","guid":{"rendered":"https:\/\/nvnoticias.mx\/?p=82263"},"modified":"2022-11-12T12:50:18","modified_gmt":"2022-11-12T18:50:18","slug":"dif-boqueno-lleva-a-cabo-jornada-de-salud-en-la-colonia-carranza","status":"publish","type":"post","link":"https:\/\/nvnoticias.mx\/index.php\/2022\/11\/12\/dif-boqueno-lleva-a-cabo-jornada-de-salud-en-la-colonia-carranza\/","title":{"rendered":"DIF boque\u00f1o lleva a cabo jornada de salud en la colonia Carranza"},"content":{"rendered":"\n<p><strong>Jes\u00fas Utrilla | NV Noticias<\/strong><\/p>\n\n\n\n<p>El Sistema para el Desarrollo Integral de la Familia del municipio de Boca Del R\u00edo, lleva a cabo este s\u00e1bado una brigada de salud en el Dren B.<\/p>\n\n\n\n<p>Melina Rivera, presidenta del DIF municipal, dijo que ofrecen servicios de consulta m\u00e9dica, nutricional, psicol\u00f3gica y vacunas para los animales.<\/p>\n\n\n\n<p>Cortes de cabello y se est\u00e1n ofreciendo vacantes de empleo.<\/p>\n\n\n\n<p>La brigada acerc\u00f3 los servicios m\u00e9dicos a los habitantes de las colonias, Carranza, Villa Rica y Miguel Alem\u00e1n.<\/p>\n\n\n\n<blockquote class=\"wp-block-quote is-layout-flow wp-block-quote-is-layout-flow\"><p>\u201cHoy podr\u00e1n salir de aqu\u00ed con un diagn\u00f3stico preciso y as\u00ed poder iniciar un tratamiento m\u00e9dico para poder mejorar su salud. O con la revisi\u00f3n m\u00e9dica podr\u00e1n prevenir futuras enfermedades\u201d.<\/p><\/blockquote>\n\n\n\n<p>La presidenta del DIF admiti\u00f3 que muchas veces las condiciones econ\u00f3micas impiden a las familias acudir a las unidades de medicina familiar o a los diversos puntos de la ciudad, por ello continuar\u00e1n acercando estos servicios en el municipio.<\/p>\n\n\n\n<p>Reiter\u00f3 el compromiso de la administraci\u00f3n municipal por seguir impulsando programas para la salud de los ciudadanos y gozar de una mejor calidad de vida<\/p>\n\n\n\n<p>En la brigada tambi\u00e9n se ofrece servicio de odontolog\u00eda, atenci\u00f3n ciudadana, farmacia, entre otros.<\/p>\n","protected":false},"excerpt":{"rendered":"<p>Jes\u00fas Utrilla | NV Noticias El Sistema para el Desarrollo Integral de la Familia del municipio de Boca Del R\u00edo, lleva a cabo este s\u00e1bado una brigada de salud en el Dren B. Melina Rivera, presidenta del DIF municipal, dijo que ofrecen servicios de consulta m\u00e9dica, nutricional, psicol\u00f3gica y vacunas para los animales. Cortes de [&hellip;]<\/p>\n","protected":false},"author":7,"featured_media":82264,"comment_status":"open","ping_status":"open","sticky":false,"template":"","format":"standard","meta":{"_monsterinsights_skip_tracking":false,"_monsterinsights_sitenote_active":false,"_monsterinsights_sitenote_note":"","_monsterinsights_sitenote_category":0,"footnotes":""},"categories":[154],"tags":[423,20992,832,18907,5187],"class_list":["post-82263","post","type-post","status-publish","format-standard","has-post-thumbnail","hentry","category-veracruz","tag-boca-del-rio","tag-colonia-carranza","tag-dif","tag-dif-boca-del-rio","tag-jornada-de-salud","wp-image-borders"],"amp_enabled":true,"_links":{"self":[{"href":"https:\/\/nvnoticias.mx\/index.php\/wp-json\/wp\/v2\/posts\/82263","targetHints":{"allow":["GET"]}}],"collection":[{"href":"https:\/\/nvnoticias.mx\/index.php\/wp-json\/wp\/v2\/posts"}],"about":[{"href":"https:\/\/nvnoticias.mx\/index.php\/wp-json\/wp\/v2\/types\/post"}],"author":[{"embeddable":true,"href":"https:\/\/nvnoticias.mx\/index.php\/wp-json\/wp\/v2\/users\/7"}],"replies":[{"embeddable":true,"href":"https:\/\/nvnoticias.mx\/index.php\/wp-json\/wp\/v2\/comments?post=82263"}],"version-history":[{"count":1,"href":"https:\/\/nvnoticias.mx\/index.php\/wp-json\/wp\/v2\/posts\/82263\/revisions"}],"predecessor-version":[{"id":82265,"href":"https:\/\/nvnoticias.mx\/index.php\/wp-json\/wp\/v2\/posts\/82263\/revisions\/82265"}],"wp:featuredmedia":[{"embeddable":true,"href":"https:\/\/nvnoticias.mx\/index.php\/wp-json\/wp\/v2\/media\/82264"}],"wp:attachment":[{"href":"https:\/\/nvnoticias.mx\/index.php\/wp-json\/wp\/v2\/media?parent=82263"}],"wp:term":[{"taxonomy":"category","embeddable":true,"href":"https:\/\/nvnoticias.mx\/index.php\/wp-json\/wp\/v2\/categories?post=82263"},{"taxonomy":"post_tag","embeddable":true,"href":"https:\/\/nvnoticias.mx\/index.php\/wp-json\/wp\/v2\/tags?post=82263"}],"curies":[{"name":"wp","href":"https:\/\/api.w.org\/{rel}","templated":true}]}}