{"id":82258,"date":"2022-11-12T11:36:45","date_gmt":"2022-11-12T17:36:45","guid":{"rendered":"https:\/\/nvnoticias.mx\/?p=82258"},"modified":"2022-11-12T11:36:46","modified_gmt":"2022-11-12T17:36:46","slug":"reportan-incremento-en-el-costo-de-luz-en-municipios-veracruzanos","status":"publish","type":"post","link":"https:\/\/nvnoticias.mx\/index.php\/2022\/11\/12\/reportan-incremento-en-el-costo-de-luz-en-municipios-veracruzanos\/","title":{"rendered":"Reportan incremento en el costo de luz en municipios veracruzanos"},"content":{"rendered":"\n<p><strong>Sam Ojeda\u00a0| NV Noticias<\/strong><\/p>\n\n\n\n<p>Xalapa.- El Indice Nacional de Precios al Consumidor (INPC) report\u00f3 un incremento del 17 por ciento en el costo del servicio de luz el\u00e9ctrica en algunos municipios de la entidad veracruzana.&nbsp;<\/p>\n\n\n\n<p>El informe del Instituto Nacional de Estad\u00edstica y Geograf\u00eda (INEGI) detalla que durante octubre el incremento se present\u00f3 en los municipios de Veracruz, Coatzacoalcos y San Andr\u00e9s Tuxtla.<\/p>\n\n\n\n<p>Otras ciudades con incrementos son M\u00e9rida, Monterrey, Acapulco, Torre\u00f3n, Villahermosa, Tampico, Monclova.<\/p>\n\n\n\n<p>Esto tambi\u00e9n se vio reflejado en Chetumal, Iguala, Tepic, Campeche, Tehuantepec, Ciudad Acu\u00f1a, Canc\u00fan y Tuxtla Guti\u00e9rrez.<\/p>\n\n\n\n<p>Adem\u00e1s de la luz el\u00e9ctrica tambi\u00e9n se incrementaron productos de la canasta b\u00e1sica como el tomate rojo y la calabacita. En el primer caso se report\u00f3 un incremento del 18.8 por centro y en el caso de las calabacitas fue de un 23 por ciento.&nbsp;<\/p>\n\n\n\n<p>El az\u00facar de ca\u00f1a tuvo un incremento de 8.4 por ciento; de 4.1 por ciento en la gasolina; de 8.2 por ciento en el precio del sorgo y otros cultivos.<\/p>\n","protected":false},"excerpt":{"rendered":"<p>Sam Ojeda\u00a0| NV Noticias Xalapa.- El Indice Nacional de Precios al Consumidor (INPC) report\u00f3 un incremento del 17 por ciento en el costo del servicio de luz el\u00e9ctrica en algunos municipios de la entidad veracruzana.&nbsp; El informe del Instituto Nacional de Estad\u00edstica y Geograf\u00eda (INEGI) detalla que durante octubre el incremento se present\u00f3 en los [&hellip;]<\/p>\n","protected":false},"author":7,"featured_media":23436,"comment_status":"open","ping_status":"open","sticky":false,"template":"","format":"standard","meta":{"_monsterinsights_skip_tracking":false,"_monsterinsights_sitenote_active":false,"_monsterinsights_sitenote_note":"","_monsterinsights_sitenote_category":0,"footnotes":""},"categories":[156],"tags":[821,3378,951,2810],"class_list":["post-82258","post","type-post","status-publish","format-standard","has-post-thumbnail","hentry","category-estado","tag-cfe","tag-incremento","tag-luz","tag-municipios","wp-image-borders"],"amp_enabled":true,"_links":{"self":[{"href":"https:\/\/nvnoticias.mx\/index.php\/wp-json\/wp\/v2\/posts\/82258","targetHints":{"allow":["GET"]}}],"collection":[{"href":"https:\/\/nvnoticias.mx\/index.php\/wp-json\/wp\/v2\/posts"}],"about":[{"href":"https:\/\/nvnoticias.mx\/index.php\/wp-json\/wp\/v2\/types\/post"}],"author":[{"embeddable":true,"href":"https:\/\/nvnoticias.mx\/index.php\/wp-json\/wp\/v2\/users\/7"}],"replies":[{"embeddable":true,"href":"https:\/\/nvnoticias.mx\/index.php\/wp-json\/wp\/v2\/comments?post=82258"}],"version-history":[{"count":1,"href":"https:\/\/nvnoticias.mx\/index.php\/wp-json\/wp\/v2\/posts\/82258\/revisions"}],"predecessor-version":[{"id":82259,"href":"https:\/\/nvnoticias.mx\/index.php\/wp-json\/wp\/v2\/posts\/82258\/revisions\/82259"}],"wp:featuredmedia":[{"embeddable":true,"href":"https:\/\/nvnoticias.mx\/index.php\/wp-json\/wp\/v2\/media\/23436"}],"wp:attachment":[{"href":"https:\/\/nvnoticias.mx\/index.php\/wp-json\/wp\/v2\/media?parent=82258"}],"wp:term":[{"taxonomy":"category","embeddable":true,"href":"https:\/\/nvnoticias.mx\/index.php\/wp-json\/wp\/v2\/categories?post=82258"},{"taxonomy":"post_tag","embeddable":true,"href":"https:\/\/nvnoticias.mx\/index.php\/wp-json\/wp\/v2\/tags?post=82258"}],"curies":[{"name":"wp","href":"https:\/\/api.w.org\/{rel}","templated":true}]}}