{"id":82245,"date":"2022-11-11T18:18:18","date_gmt":"2022-11-12T00:18:18","guid":{"rendered":"https:\/\/nvnoticias.mx\/?p=82245"},"modified":"2022-11-11T18:18:19","modified_gmt":"2022-11-12T00:18:19","slug":"vinculan-a-proceso-a-vanessa-n-por-su-presunta-participacion-en-feminicidio-de-ariadna","status":"publish","type":"post","link":"https:\/\/nvnoticias.mx\/index.php\/2022\/11\/11\/vinculan-a-proceso-a-vanessa-n-por-su-presunta-participacion-en-feminicidio-de-ariadna\/","title":{"rendered":"Vinculan a proceso a Vanessa &#8220;N&#8221; por su presunta participaci\u00f3n en feminicidio de Ariadna"},"content":{"rendered":"\n<p>Este viernes 11 de noviembre\u00a0<strong>Vanessa &#8220;N&#8221; fue vinculada a proceso<\/strong>, la imputada es\u00a0una de las dos personas implicadas en la muerte de\u00a0<strong>Ariadna Fernanda L\u00f3pez D\u00edaz<\/strong>, quien fue reportada como\u00a0<strong>desaparecida<\/strong>\u00a0el pasado 30 de octubre y al d\u00eda siguiente, su cuerpo sin vida fue encontrado\u00a0a un costado de la base de un puente sobre la carretera<strong>\u00a0Cuautla-Tepoztl\u00e1n<\/strong>, a un kil\u00f3metro de la caseta de cobro de\u00a0<strong>Tepoztl\u00e1n<\/strong>.<\/p>\n\n\n\n<p>Fue a las 09:50 de la ma\u00f1ana cuando ingres\u00f3\u00a0la unidad de reclusorios que traslad\u00f3\u00a0a Vanessa &#8220;N&#8221; del penal de Santa Martha en la alcald\u00eda Iztapalapa a los\u00a0<strong>juzgados<\/strong>\u00a0<strong>orales<\/strong>\u00a0de la Ciudad de M\u00e9xico ubicados en la calle de doctor Lavista en la colonia Doctores. La continuaci\u00f3n de audiencia de orden de aprensi\u00f3n en contra de Vanessa &#8220;N&#8221; inici\u00f3 varias horas despu\u00e9s, en ella\u00a0se decidi\u00f3 su\u00a0<strong>situaci\u00f3n<\/strong>\u00a0<strong>jur\u00eddica.<\/strong><\/p>\n\n\n\n<p>Vanessa &#8220;N&#8221; de 20 a\u00f1os de edad fue detenida el pasado<strong>\u00a0domingo 6 de noviembre<\/strong>, fueron las autoridades de la Ciudad de M\u00e9xico quienes confirmaron la aprehensi\u00f3n pues de acuerdo con las indagatorias, la ahora imputada estuvo en el\u00a0<strong>departamento<\/strong>\u00a0con<strong>\u00a0Rautel &#8220;N&#8221;\u00a0<\/strong>y Ariadna Fernanda el d\u00eda en que la joven fue reportada\u00a0<strong>desaparecida<\/strong>.<\/p>\n\n\n\n<figure class=\"wp-block-image\"><img decoding=\"async\" src=\"https:\/\/heraldodemexico.com.mx\/u\/fotografias\/m\/2022\/11\/11\/f768x1-614672_614799_0.jpeg\" alt=\"\"\/><figcaption>Vanessa &#8220;N&#8221; fue vinculada a proceso. | FOTO: SSC-CDMX<\/figcaption><\/figure>\n\n\n\n<p>La detenci\u00f3n ocurri\u00f3 en el municipio de\u00a0<strong>Ecatepec<\/strong>,\u00a0<strong>Estado de M\u00e9xico<\/strong>\u00a0y\u00a0se dio luego de que las autoridades determinaran que hubo\u00a0<strong>contradicciones<\/strong>\u00a0en las declaraciones tanto de Rautel &#8220;N&#8221;, como de su pareja, quien fue identificada como\u00a0<strong>coautora<\/strong>\u00a0<strong>material<\/strong>, ya que se cuenta con informaci\u00f3n que establece que la detenida\u00a0<strong>se encontraba presente<\/strong>\u00a0en el momento en que Ariadna perdi\u00f3 la vida al interior del departamento de Rautel &#8220;N&#8221;, lugar al que arribaron luego de haber estado en un restaurante ubicado en la colonia Condesa.<\/p>\n\n\n\n<p>El pasado 7 de noviembre un juez de control dict\u00f3\u00a0<strong>prisi\u00f3n preventiva oficiosa\u00a0<\/strong>a Vanessa &#8220;N&#8221;, por lo que permanece internada en el penal de Santa Martha Acatitla. De acuerdo con la informaci\u00f3n presentada por la jefa de Gobierno de la Ciudad de M\u00e9xico, Cluadia Sheinbaum,\u00a0la investigaci\u00f3n realizada &#8220;<strong>es s\u00f3lida y clara<\/strong>\u201d. Por otra parte, la titular de la\u00a0Fiscal\u00eda General de Justicia de la Ciudad de M\u00e9xico, Ernestina Godoy,\u00a0las investigaciones apuntan a que\u00a0<strong>la muerte de Ariadna Fernanda se produjo al interior del departamento<\/strong>\u00a0donde se vio por \u00faltima vez localizado en la\u00a0<strong>alcald\u00eda<\/strong>\u00a0<strong>Cuauht\u00e9moc<\/strong>.<\/p>\n\n\n\n<p>Fuente:<a href=\"https:\/\/heraldodemexico.com.mx\/nacional\/2022\/11\/11\/feminicidio-de-ariadna-fernanda-vinculan-proceso-vanessa-n-por-su-presunta-participacion-456735.html\" data-type=\"URL\" data-id=\"https:\/\/heraldodemexico.com.mx\/nacional\/2022\/11\/11\/feminicidio-de-ariadna-fernanda-vinculan-proceso-vanessa-n-por-su-presunta-participacion-456735.html\"> El heraldo de M\u00e9xico<\/a> <\/p>\n","protected":false},"excerpt":{"rendered":"<p>Este viernes 11 de noviembre\u00a0Vanessa &#8220;N&#8221; fue vinculada a proceso, la imputada es\u00a0una de las dos personas implicadas en la muerte de\u00a0Ariadna Fernanda L\u00f3pez D\u00edaz, quien fue reportada como\u00a0desaparecida\u00a0el pasado 30 de octubre y al d\u00eda siguiente, su cuerpo sin vida fue encontrado\u00a0a un costado de la base de un puente sobre la carretera\u00a0Cuautla-Tepoztl\u00e1n, a [&hellip;]<\/p>\n","protected":false},"author":35,"featured_media":82247,"comment_status":"open","ping_status":"open","sticky":false,"template":"","format":"standard","meta":{"_monsterinsights_skip_tracking":false,"_monsterinsights_sitenote_active":false,"_monsterinsights_sitenote_note":"","_monsterinsights_sitenote_category":0,"footnotes":""},"categories":[157],"tags":[20838,2691,5325,162,9553,2189,20978,12006],"class_list":["post-82245","post","type-post","status-publish","format-standard","has-post-thumbnail","hentry","category-nacional","tag-ariadna-fernanda","tag-feminicidio","tag-participacion","tag-portada","tag-presunta","tag-proceso","tag-vanessa-n","tag-vinculan","wp-image-borders"],"amp_enabled":true,"_links":{"self":[{"href":"https:\/\/nvnoticias.mx\/index.php\/wp-json\/wp\/v2\/posts\/82245","targetHints":{"allow":["GET"]}}],"collection":[{"href":"https:\/\/nvnoticias.mx\/index.php\/wp-json\/wp\/v2\/posts"}],"about":[{"href":"https:\/\/nvnoticias.mx\/index.php\/wp-json\/wp\/v2\/types\/post"}],"author":[{"embeddable":true,"href":"https:\/\/nvnoticias.mx\/index.php\/wp-json\/wp\/v2\/users\/35"}],"replies":[{"embeddable":true,"href":"https:\/\/nvnoticias.mx\/index.php\/wp-json\/wp\/v2\/comments?post=82245"}],"version-history":[{"count":5,"href":"https:\/\/nvnoticias.mx\/index.php\/wp-json\/wp\/v2\/posts\/82245\/revisions"}],"predecessor-version":[{"id":82251,"href":"https:\/\/nvnoticias.mx\/index.php\/wp-json\/wp\/v2\/posts\/82245\/revisions\/82251"}],"wp:featuredmedia":[{"embeddable":true,"href":"https:\/\/nvnoticias.mx\/index.php\/wp-json\/wp\/v2\/media\/82247"}],"wp:attachment":[{"href":"https:\/\/nvnoticias.mx\/index.php\/wp-json\/wp\/v2\/media?parent=82245"}],"wp:term":[{"taxonomy":"category","embeddable":true,"href":"https:\/\/nvnoticias.mx\/index.php\/wp-json\/wp\/v2\/categories?post=82245"},{"taxonomy":"post_tag","embeddable":true,"href":"https:\/\/nvnoticias.mx\/index.php\/wp-json\/wp\/v2\/tags?post=82245"}],"curies":[{"name":"wp","href":"https:\/\/api.w.org\/{rel}","templated":true}]}}