{"id":82161,"date":"2022-11-11T11:42:37","date_gmt":"2022-11-11T17:42:37","guid":{"rendered":"https:\/\/nvnoticias.mx\/?p=82161"},"modified":"2022-11-11T11:42:38","modified_gmt":"2022-11-11T17:42:38","slug":"lucro-politico-que-indigna","status":"publish","type":"post","link":"https:\/\/nvnoticias.mx\/index.php\/2022\/11\/11\/lucro-politico-que-indigna\/","title":{"rendered":"Lucro pol\u00edtico que indigna"},"content":{"rendered":"\n<p>Por <strong>M\u00f3nica Mendoza Madrigal<\/strong><\/p>\n\n\n\n<p>Ariadna Fernanda L\u00f3pez D\u00edaz fue asesinada en un departamento de la colonia Condesa en la Ciudad de M\u00e9xico mientras conviv\u00eda con amistades, luego de haber estado reunidos en un bar de la misma zona.<\/p>\n\n\n\n<p>La hallaron unos ciclistas dos d\u00edas despu\u00e9s, al descubrir un cuerpo tirado en la curva de La Perla, en Tepoztl\u00e1n, Morelos y tras la identificaci\u00f3n de ley, se tuvo certeza de que era ella la joven madre reportada como desaparecida.<\/p>\n\n\n\n<p>Las autoridades de Morelos trasladaron la carga de la responsabilidad de los hechos a la v\u00edctima, argumentando el fiscal Uriel Carmona que el resultado de la necropsia se\u00f1alaba que la muerte hab\u00eda sucedido producto de broncoaspiraci\u00f3n, es decir, que ella estaba tan tomada que se ahog\u00f3 con su propio v\u00f3mito.<\/p>\n\n\n\n<p>Esa declaraci\u00f3n resulta revictimizante y se ha convertido en la m\u00e1s com\u00fan de las maneras en que el sistema de procuraci\u00f3n de justicia de cada rinc\u00f3n del pa\u00eds, de cada gobierno, de todos los partidos, busca sacudirse la responsabilidad de los feminicidios y entonces culpa a las v\u00edctimas por haber sido causantes de su propio asesinato.<\/p>\n\n\n\n<p>De esa absurda manera es como Debanhi se tir\u00f3 sola al aljibe, Luz Raquel se prendi\u00f3 fuego y Abigail se ahorc\u00f3 con su propia ropa interior. En general, todas ellas terminan por ser responsables de ser violadas, ultrajadas, acosadas y asesinadas, en un acto que constituye un doble homicidio, pues adem\u00e1s de haber sido asesinadas por ser mujeres, son tambi\u00e9n responsabilizadas de los agravios de los que son v\u00edctimas por autoridades cada vez m\u00e1s incapaces ante un problema que aumenta exponencialmente porque ellos y ellas \u2013 fiscales y gobernantes \u2013 lo \u00fanico que quieren es tapar su incompetencia, exhibiendo su ignorancia, misoginia y complicidad.<\/p>\n\n\n\n<p>No pueden, pues, como ya lo sabemos.<\/p>\n\n\n\n<p>Y si ello no fuera ya raz\u00f3n suficiente para nuestro enojo social, hay que a\u00f1adir a la ecuaci\u00f3n el oportunismo y el lucro pol\u00edtico con los feminicidios \u201cpara hacer campa\u00f1a\u201d.<\/p>\n\n\n\n<p>\u00bfPor qu\u00e9 Claudia Sheinbaum sale a dar rueda de prensa para decir que el fiscal de Morelos est\u00e1 revictimizando a Ariadna y que la investigaci\u00f3n, que hasta ese momento se ha llevado a cabo en la Fiscal\u00eda de la entidad en la que el cuerpo fue encontrado, est\u00e1 \u201cdesaseada\u201d?<br>\u00bfPor qu\u00e9 la prisa de salir a desestimar a un fiscal \u2013que por cierto, ya deber\u00eda de haber sido relevado del cargo\u2013 y erigirse como la \u201chero\u00edna\u201d que defiende el caso de una mujer asesinada? Claro, no en la Ciudad de M\u00e9xico.<\/p>\n\n\n\n<p>Ya desde el lunes en que se celebr\u00f3 la conferencia de la jefa de gobierno el caso ol\u00eda a lucro pol\u00edtico. Pero este jueves H\u00e9ctor de Maule\u00f3n en su columna termin\u00f3 por llevar el tema al punto de la indignaci\u00f3n m\u00e1xima: las declaraciones de la gobernante fueron emitidas sin tener en sus manos la carpeta de investigaci\u00f3n que revela que los golpes en el cuerpo de la v\u00edctima fueron hechos post mortem.<\/p>\n\n\n\n<p>No, Ariadna Fernanda no puede ser el nuevo \u201csouvenir\u201d de la anticipada campa\u00f1a en la b\u00fasqueda de la Presidencia. Es vil usar pol\u00edticamente a una v\u00edctima y lucrar con ella en una arena en la que ya todo lo que se toca tiene una lectura electoral.<br>Politizar el caso lo \u00fanico que lograr\u00e1 es que jam\u00e1s se sepa lo que realmente ocurri\u00f3 y que no haya justicia tampoco para ella.<\/p>\n\n\n\n<p>No pasemos del desd\u00e9n de un gobierno que reclasifica los casos para generar la falsa apariencia de que los feminicidios disminuyen, a un escenario en donde los y las candidatas se entrometan para sacar raja pol\u00edtica de las investigaciones que de por s\u00ed son lentas e imprecisas.<\/p>\n\n\n\n<p>Las instituciones competentes son las que deben realizar su trabajo para que se haga justicia.<\/p>\n\n\n\n<p>Adem\u00e1s de este uso pol\u00edtico, el caso de Ariadna resulta paradigm\u00e1tico por varias razones adicionales. Pasamos de suponer que hubo corrupci\u00f3n en la investigaci\u00f3n a la evidencia que desnuda el v\u00ednculo entre el fiscal morelense y el presunto feminicida, lo que no solo lo deber\u00eda separar del cargo que ocupa, sino imputarle las responsabilidades que corresponda.<\/p>\n\n\n\n<p>Pero adem\u00e1s da cuenta del nivel de deshumanizaci\u00f3n en que como sociedad hemos ca\u00eddo. Ver las im\u00e1genes de la forma en que Rautel \u201cN\u201d traslada el cuerpo de Ariadna asesinada, sin el menor recato, y c\u00f3mo fue arrojada a La Perla cual si fuera basura, es aterrador.<br>Estamos a un paso de entrar al punto donde no hay retorno. No abramos esa puerta.<\/p>\n","protected":false},"excerpt":{"rendered":"<p>Por M\u00f3nica Mendoza Madrigal Ariadna Fernanda L\u00f3pez D\u00edaz fue asesinada en un departamento de la colonia Condesa en la Ciudad de M\u00e9xico mientras conviv\u00eda con amistades, luego de haber estado reunidos en un bar de la misma zona. La hallaron unos ciclistas dos d\u00edas despu\u00e9s, al descubrir un cuerpo tirado en la curva de La [&hellip;]<\/p>\n","protected":false},"author":34,"featured_media":81819,"comment_status":"open","ping_status":"open","sticky":false,"template":"","format":"standard","meta":{"_monsterinsights_skip_tracking":false,"_monsterinsights_sitenote_active":false,"_monsterinsights_sitenote_note":"","_monsterinsights_sitenote_category":0,"footnotes":""},"categories":[1031],"tags":[],"class_list":["post-82161","post","type-post","status-publish","format-standard","has-post-thumbnail","hentry","category-laagendadelasmujeres","wp-image-borders"],"amp_enabled":true,"_links":{"self":[{"href":"https:\/\/nvnoticias.mx\/index.php\/wp-json\/wp\/v2\/posts\/82161","targetHints":{"allow":["GET"]}}],"collection":[{"href":"https:\/\/nvnoticias.mx\/index.php\/wp-json\/wp\/v2\/posts"}],"about":[{"href":"https:\/\/nvnoticias.mx\/index.php\/wp-json\/wp\/v2\/types\/post"}],"author":[{"embeddable":true,"href":"https:\/\/nvnoticias.mx\/index.php\/wp-json\/wp\/v2\/users\/34"}],"replies":[{"embeddable":true,"href":"https:\/\/nvnoticias.mx\/index.php\/wp-json\/wp\/v2\/comments?post=82161"}],"version-history":[{"count":1,"href":"https:\/\/nvnoticias.mx\/index.php\/wp-json\/wp\/v2\/posts\/82161\/revisions"}],"predecessor-version":[{"id":82162,"href":"https:\/\/nvnoticias.mx\/index.php\/wp-json\/wp\/v2\/posts\/82161\/revisions\/82162"}],"wp:featuredmedia":[{"embeddable":true,"href":"https:\/\/nvnoticias.mx\/index.php\/wp-json\/wp\/v2\/media\/81819"}],"wp:attachment":[{"href":"https:\/\/nvnoticias.mx\/index.php\/wp-json\/wp\/v2\/media?parent=82161"}],"wp:term":[{"taxonomy":"category","embeddable":true,"href":"https:\/\/nvnoticias.mx\/index.php\/wp-json\/wp\/v2\/categories?post=82161"},{"taxonomy":"post_tag","embeddable":true,"href":"https:\/\/nvnoticias.mx\/index.php\/wp-json\/wp\/v2\/tags?post=82161"}],"curies":[{"name":"wp","href":"https:\/\/api.w.org\/{rel}","templated":true}]}}