{"id":82120,"date":"2022-11-10T16:02:32","date_gmt":"2022-11-10T22:02:32","guid":{"rendered":"https:\/\/nvnoticias.mx\/?p=82120"},"modified":"2022-11-10T16:02:33","modified_gmt":"2022-11-10T22:02:33","slug":"el-maximato","status":"publish","type":"post","link":"https:\/\/nvnoticias.mx\/index.php\/2022\/11\/10\/el-maximato\/","title":{"rendered":"El Maximato"},"content":{"rendered":"\n<p><strong>Juan Jos\u00e9 Rodr\u00edguez Prats<\/strong><\/p>\n\n\n\n<blockquote class=\"wp-block-quote is-layout-flow wp-block-quote-is-layout-flow\"><p><em>El presidente solamente tiene dos limitaciones de su poder: el t\u00e9rmino sexenal y su sentido de responsabilidad.<\/em><\/p><cite><strong>Adolfo Ruiz Cortines<\/strong><\/cite><\/blockquote>\n\n\n\n<p>Recientemente escuch\u00e9 a Felipe Gonz\u00e1lez una idea que implica deberes: \u201cEl pol\u00edtico es un proveedor de certidumbres\u201d. Significa que ha de conducirse con apego a la verdad, ser confiable y exponer con claridad lo que hace para cumplir con las obligaciones que se derivan del cargo que ocupa. En otras palabras, que el ciudadano sepa a qu\u00e9 atenerse, vincul\u00e1ndose a una relaci\u00f3n de civilidad.<\/p>\n\n\n\n<p>En d\u00edas pasados tuve el privilegio de presentar y comentar el libro&nbsp;<em>Por una democracia progresista&nbsp;<\/em>de Cuauht\u00e9moc C\u00e1rdenas. Se trata de un excelente repaso de los periodos posteriores a la Revoluci\u00f3n Mexicana y a nuestra Constituci\u00f3n. Es una aportaci\u00f3n valiosa para fijar una agenda hacia un necesario posicionamiento hacia el futuro.<\/p>\n\n\n\n<p>Reconozco en el ingeniero C\u00e1rdenas tres caracter\u00edsticas que ha mantenido en su larga trayectoria: congruencia, sosteniendo ideales, conductas y actitudes, sin contradicciones entre sus dichos y sus hechos. Sensatez y mesura \u2014hoy tan necesarias para disminuir el encono prevaleciente en nuestra vida p\u00fablica\u2014, dialogar razonadamente, deliberar en el af\u00e1n de alcanzar consensos. Un tercer rasgo es su profundo conocimiento de nuestra historia.<\/p>\n\n\n\n<p>Hablamos de las pol\u00edticas p\u00fablicas sobre energ\u00eda, sobre actividades prioritarias y estrat\u00e9gicas, sobre el papel del Estado y los particulares, del contenido de nuestra Carta Magna y de las necesarias reformas. Abordamos un tema que me parece relevante hoy: el fin de Maximato y el riesgo de su retorno. Hay quienes han afirmado que a L\u00e1zaro C\u00e1rdenas le impusieron como sucesor a Manuel \u00c1vila Camacho, lo cual me parece falso.<\/p>\n\n\n\n<p>El presidente michoacano resolvi\u00f3, por primera vez, un conflicto sin sangre: expuls\u00f3 a Plutarco El\u00edas Calles, fortaleci\u00f3 la vida institucional de M\u00e9xico y eligi\u00f3 sucesor sin pretender prolongar su liderazgo. Esto implic\u00f3 instaurar un sistema que le permiti\u00f3 al pa\u00eds estabilidad y desarrollo. Desde entonces, el&nbsp;<em>dedazo<\/em>&nbsp;presidencial para elegir sucesor se hizo con sentido de responsabilidad, no por capricho ni mucho menos con af\u00e1n de retornar al Maximato. Sin juzgar sobre el desempe\u00f1o de cada titular del Ejecutivo, cada uno hizo un ejercicio para dise\u00f1ar el perfil de lo que el pa\u00eds demandaba en cada circunstancia sexenal y as\u00ed postular a quien mejor podr\u00eda enfrentar los correspondientes desaf\u00edos desde la posici\u00f3n m\u00e1s relevante del Estado mexicano.<\/p>\n\n\n\n<p>De ninguna manera afirmo que el m\u00e9todo haya sido exitoso, pero s\u00ed se dieron varias d\u00e9cadas de desarrollo sostenido y permiti\u00f3, al final de cuentas, el inicio de la transici\u00f3n a la democracia.<\/p>\n\n\n\n<p>Hoy, sin ninguna duda, se nos anuncia un proyecto transexenal violentando nuestro Estado de derecho. Se notifica la continuidad de la 4T sin ning\u00fan rubor y se presume, adem\u00e1s, su condici\u00f3n de irreversible. Me parece un elemental deber detener este descomunal retroceso.<\/p>\n\n\n\n<p>\u00c9ste fue uno de los temas abordados con el exjefe de Gobierno del Distrito Federal en la presentaci\u00f3n de su libro y durante dos d\u00edas de intensas conversaciones en las que mucho aprend\u00ed y disfrut\u00e9.<\/p>\n\n\n\n<p>Desde luego, tengo diferencias ideol\u00f3gicas con \u00e9l, pero nadie le puede negar que ha sido un protagonista relevante de nuestra vida nacional y que su aportaci\u00f3n ha sido valiosa para el impulso de nuestra incipiente democracia.<\/p>\n\n\n\n<p>El libro en comento se agrega a otras propuestas, superando el obsoleto encajonamiento de izquierdas y derechas, como el de Julio Frenk (<em>Proteger a M\u00e9xico<\/em>) y el de H\u00e9ctor Aguilar Cam\u00edn y Jorge Casta\u00f1eda (<em>Regreso al futuro<\/em>). Valdr\u00eda la pena un ejercicio para precisar la agenda y tratar de concretar cada pol\u00edtica p\u00fablica para no desvariar e incurrir en elucubraciones est\u00e9riles.<\/p>\n\n\n\n<p>Hice en mi intervenci\u00f3n una reflexi\u00f3n: no es el \u00e9xito pol\u00edtico llegar como sea a un cargo para despu\u00e9s desempe\u00f1arlo irresponsablemente. Lo trascendente es ser fiel a un ideal. Cuauht\u00e9moc C\u00e1rdenas lo ha sido y lo es.<\/p>\n","protected":false},"excerpt":{"rendered":"<p>Juan Jos\u00e9 Rodr\u00edguez Prats El presidente solamente tiene dos limitaciones de su poder: el t\u00e9rmino sexenal y su sentido de responsabilidad. Adolfo Ruiz Cortines Recientemente escuch\u00e9 a Felipe Gonz\u00e1lez una idea que implica deberes: \u201cEl pol\u00edtico es un proveedor de certidumbres\u201d. Significa que ha de conducirse con apego a la verdad, ser confiable y exponer [&hellip;]<\/p>\n","protected":false},"author":17,"featured_media":82121,"comment_status":"open","ping_status":"open","sticky":false,"template":"","format":"standard","meta":{"_monsterinsights_skip_tracking":false,"_monsterinsights_sitenote_active":false,"_monsterinsights_sitenote_note":"","_monsterinsights_sitenote_category":0,"footnotes":""},"categories":[614],"tags":[397],"class_list":["post-82120","post","type-post","status-publish","format-standard","has-post-thumbnail","hentry","category-politica-de-principios","tag-juan-jose-rodriguez-prats-2","wp-image-borders"],"amp_enabled":true,"_links":{"self":[{"href":"https:\/\/nvnoticias.mx\/index.php\/wp-json\/wp\/v2\/posts\/82120","targetHints":{"allow":["GET"]}}],"collection":[{"href":"https:\/\/nvnoticias.mx\/index.php\/wp-json\/wp\/v2\/posts"}],"about":[{"href":"https:\/\/nvnoticias.mx\/index.php\/wp-json\/wp\/v2\/types\/post"}],"author":[{"embeddable":true,"href":"https:\/\/nvnoticias.mx\/index.php\/wp-json\/wp\/v2\/users\/17"}],"replies":[{"embeddable":true,"href":"https:\/\/nvnoticias.mx\/index.php\/wp-json\/wp\/v2\/comments?post=82120"}],"version-history":[{"count":1,"href":"https:\/\/nvnoticias.mx\/index.php\/wp-json\/wp\/v2\/posts\/82120\/revisions"}],"predecessor-version":[{"id":82122,"href":"https:\/\/nvnoticias.mx\/index.php\/wp-json\/wp\/v2\/posts\/82120\/revisions\/82122"}],"wp:featuredmedia":[{"embeddable":true,"href":"https:\/\/nvnoticias.mx\/index.php\/wp-json\/wp\/v2\/media\/82121"}],"wp:attachment":[{"href":"https:\/\/nvnoticias.mx\/index.php\/wp-json\/wp\/v2\/media?parent=82120"}],"wp:term":[{"taxonomy":"category","embeddable":true,"href":"https:\/\/nvnoticias.mx\/index.php\/wp-json\/wp\/v2\/categories?post=82120"},{"taxonomy":"post_tag","embeddable":true,"href":"https:\/\/nvnoticias.mx\/index.php\/wp-json\/wp\/v2\/tags?post=82120"}],"curies":[{"name":"wp","href":"https:\/\/api.w.org\/{rel}","templated":true}]}}