{"id":82077,"date":"2022-11-10T11:32:57","date_gmt":"2022-11-10T17:32:57","guid":{"rendered":"https:\/\/nvnoticias.mx\/?p=82077"},"modified":"2022-11-10T11:32:58","modified_gmt":"2022-11-10T17:32:58","slug":"pri-sanciona-a-diputada-por-votar-en-contra-de-reforma-militar","status":"publish","type":"post","link":"https:\/\/nvnoticias.mx\/index.php\/2022\/11\/10\/pri-sanciona-a-diputada-por-votar-en-contra-de-reforma-militar\/","title":{"rendered":"PRI sanciona a diputada por votar en contra de reforma militar"},"content":{"rendered":"\n<p>Yulma Rocha Aguilar,\u00a0diputada del PRI\u00a0en el Congreso de Guanajuato, denunci\u00f3 que la Coordinaci\u00f3n de su Grupo Parlamentario le avis\u00f3 que\u00a0le retirar\u00e1 los apoyos econ\u00f3micos para ejercer su funci\u00f3n legislativa, en castigo\u00a0por haber votado en contra de la reforma constitucional para ampliar la permanencia del\u00a0Ej\u00e9rcito en las calles hasta el 2028.<\/p>\n\n\n\n<p>El jueves de la semana pasada,\u00a0el Pleno del Congreso de Guanajuato, con 22 votos en contra de la iniciativa,\u00a0fue el primero en rechazar la reforma\u00a0en cuesti\u00f3n, emanada de la fracci\u00f3n priista en el Congreso de la Uni\u00f3n.<\/p>\n\n\n\n<p>En contra votaron 20 diputados del PAN,\u00a0Dessir\u00e9 \u00c1ngel Rocha de Movimiento Ciudadano y Yulma Rocha del PRI; a favor vot\u00f3 el grupo parlamentario de Morena, el del Partido Verde Ecologista de M\u00e9xico y tres diputados de la fracci\u00f3n priista.<\/p>\n\n\n\n<p>Este mi\u00e9rcoles 9 de noviembre, a trav\u00e9s de sus redes sociales, la diputada priista Yulma Rocha dio a conocer que fue notificada de que se\u00a0le retirar\u00e1n los apoyos administrativos y econ\u00f3micos para ejercer su funci\u00f3n, bajo el argumento de que incumpli\u00f3 una l\u00ednea partidista en torno a la votaci\u00f3n.<\/p>\n\n\n\n<blockquote class=\"wp-block-quote is-layout-flow wp-block-quote-is-layout-flow\"><p><em>\u201dHe recibido la comunicaci\u00f3n por parte de la Coordinaci\u00f3n del Grupo Parlamentario del PRI en el Congreso del Estado de Guanajuato, que a manera de sanci\u00f3n por votar en contra de la reforma legal que buscaba ampliar el tiempo de actuaci\u00f3n de las Fuerzas Armadas en tareas de seguridad p\u00fablica, se me retirar\u00e1n los apoyos administrativos y econ\u00f3micos a los que tengo derecho para el desempe\u00f1o de mis funciones legislativas y para el cumplimiento de las atribuciones inherentes al cargo de Diputada; argumentando que hab\u00eda una l\u00ednea partidista que incumpl\u00ed<\/em>\u201d, detall\u00f3 en una carta abierta.<\/p><\/blockquote>\n\n\n\n<p>La legisladora consider\u00f3 que el castigo por defender sus principios al momento de la votaci\u00f3n,\u00a0es un acto arbitrario e ilegal, adem\u00e1s la inviolabilidad parlamentaria se reconoce en la doctrina internacional y en la Constituci\u00f3n, lo que protege el voto y la opini\u00f3n de las y los legisladores.<\/p>\n\n\n\n<blockquote class=\"wp-block-quote is-layout-flow wp-block-quote-is-layout-flow\"><p>\u201d<em>Utilizar los recursos p\u00fablicos como un instrumento de represi\u00f3n, coacci\u00f3n o amenaza pol\u00edtica para restringir derechos es un acto perverso e ilegal y es un indicador de descomposici\u00f3n institucional y pol\u00edtica<\/em>\u201d, se\u00f1al\u00f3 la Diputada originaria de Irapuato.<\/p><\/blockquote>\n\n\n\n<p>Yulma Rocha dijo que \u201cmi decisi\u00f3n de\u00a0votar en contra de la militarizaci\u00f3n\u00a0de la seguridad p\u00fablica\u00a0fue un acto en ejercicio de mi autonom\u00eda como Diputada, pero tambi\u00e9n por convicci\u00f3n, por responsabilidad, y en congruencia con nuestro propio Programa de Acci\u00f3n pri\u00edsta que indica como un retroceso el hecho de que la seguridad p\u00fablica debe ser una tarea del Ej\u00e9rcito\u201d.<\/p>\n\n\n\n<p>Anticip\u00f3 que va a emprender las medidas legales al interior del Congreso\u00a0y las instancias correspondientes para defender su autonom\u00eda como diputada local. <\/p>\n\n\n\n<blockquote class=\"wp-block-quote is-layout-flow wp-block-quote-is-layout-flow\"><p>\u201d<em>Esto me traer\u00e1 tambi\u00e9n consecuencias al interior de mi partido el PRI Nacional y las enfrentar\u00e9; pero es importante que ya se empiece a hablar sobre la l\u00ednea que existe entre la disciplina partidista \u00a0y la libertad pol\u00edtica<\/em>\u201d, escribi\u00f3 Yulma Rocha en su cuenta de Twitter.<\/p><\/blockquote>\n\n\n\n<p>Fuente: <a href=\"https:\/\/www.elfinanciero.com.mx\/estados\/2022\/11\/10\/ejercito-en-las-calles-2028-pri-castiga-a-diputada-por-votar-en-contra-de-reforma-de-amlo\/\">El Financiero<\/a><\/p>\n","protected":false},"excerpt":{"rendered":"<p>Yulma Rocha Aguilar,\u00a0diputada del PRI\u00a0en el Congreso de Guanajuato, denunci\u00f3 que la Coordinaci\u00f3n de su Grupo Parlamentario le avis\u00f3 que\u00a0le retirar\u00e1 los apoyos econ\u00f3micos para ejercer su funci\u00f3n legislativa, en castigo\u00a0por haber votado en contra de la reforma constitucional para ampliar la permanencia del\u00a0Ej\u00e9rcito en las calles hasta el 2028. El jueves de la semana [&hellip;]<\/p>\n","protected":false},"author":8,"featured_media":82078,"comment_status":"open","ping_status":"open","sticky":false,"template":"","format":"standard","meta":{"_monsterinsights_skip_tracking":false,"_monsterinsights_sitenote_active":false,"_monsterinsights_sitenote_note":"","_monsterinsights_sitenote_category":0,"footnotes":""},"categories":[158],"tags":[2877,208,19234,20949],"class_list":["post-82077","post","type-post","status-publish","format-standard","has-post-thumbnail","hentry","category-politica","tag-diputada","tag-pri","tag-reforma-militar","tag-yulma-rocha-aguilar","wp-image-borders"],"amp_enabled":true,"_links":{"self":[{"href":"https:\/\/nvnoticias.mx\/index.php\/wp-json\/wp\/v2\/posts\/82077","targetHints":{"allow":["GET"]}}],"collection":[{"href":"https:\/\/nvnoticias.mx\/index.php\/wp-json\/wp\/v2\/posts"}],"about":[{"href":"https:\/\/nvnoticias.mx\/index.php\/wp-json\/wp\/v2\/types\/post"}],"author":[{"embeddable":true,"href":"https:\/\/nvnoticias.mx\/index.php\/wp-json\/wp\/v2\/users\/8"}],"replies":[{"embeddable":true,"href":"https:\/\/nvnoticias.mx\/index.php\/wp-json\/wp\/v2\/comments?post=82077"}],"version-history":[{"count":1,"href":"https:\/\/nvnoticias.mx\/index.php\/wp-json\/wp\/v2\/posts\/82077\/revisions"}],"predecessor-version":[{"id":82079,"href":"https:\/\/nvnoticias.mx\/index.php\/wp-json\/wp\/v2\/posts\/82077\/revisions\/82079"}],"wp:featuredmedia":[{"embeddable":true,"href":"https:\/\/nvnoticias.mx\/index.php\/wp-json\/wp\/v2\/media\/82078"}],"wp:attachment":[{"href":"https:\/\/nvnoticias.mx\/index.php\/wp-json\/wp\/v2\/media?parent=82077"}],"wp:term":[{"taxonomy":"category","embeddable":true,"href":"https:\/\/nvnoticias.mx\/index.php\/wp-json\/wp\/v2\/categories?post=82077"},{"taxonomy":"post_tag","embeddable":true,"href":"https:\/\/nvnoticias.mx\/index.php\/wp-json\/wp\/v2\/tags?post=82077"}],"curies":[{"name":"wp","href":"https:\/\/api.w.org\/{rel}","templated":true}]}}